{"id":24145,"date":"2026-05-02T09:22:48","date_gmt":"2026-05-02T12:22:48","guid":{"rendered":"https:\/\/tigredigital.com.ar\/noticias\/?p=24145"},"modified":"2026-05-02T10:14:36","modified_gmt":"2026-05-02T13:14:36","slug":"julio-zamora-acto-peronismo-dia-trabajador-talar","status":"publish","type":"post","link":"https:\/\/tigredigital.com.ar\/noticias\/julio-zamora-acto-peronismo-dia-trabajador-talar\/","title":{"rendered":"Julio Zamora encabez\u00f3 un encuentro con la militancia por el D\u00eda del Trabajador en El Talar"},"content":{"rendered":"\n<h3 class=\"wp-block-heading\"><strong>El intendente de Tigre brind\u00f3 un mensaje centrado en la democratizaci\u00f3n del peronismo local y cuestionando las intervenci\u00f3n judicial en la vida partidaria<\/strong><\/h3>\n\n\n\n<!--more-->\n<!--noteaser-->\n\n\n\n<p>En el marco de la conmemoraci\u00f3n del 1\u00b0 de Mayo, el peronismo de Tigre realiz\u00f3 un acto en la localidad de El Talar con la presencia de dirigentes, organizaciones sindicales y vecinos. Durante su discurso, el intendente Julio Zamora enfatiz\u00f3 la necesidad de que las conducciones pol\u00edticas se definan a trav\u00e9s del <a href=\"https:\/\/tigredigital.com.ar\/noticias\/zamora-reclamo-internas-pj-tigre\/\" target=\"_blank\" rel=\"noreferrer noopener\">voto de los afiliados<\/a> y no mediante procesos judiciales. El jefe comunal se\u00f1al\u00f3 que se busca evitar una pol\u00edtica de designaciones directas, mencionando situaciones similares en la Universidad del Delta, y abog\u00f3 por un espacio que permita la participaci\u00f3n democr\u00e1tica real.<\/p>\n\n\n\n<h3 class=\"wp-block-heading\"><strong>Reclamo por elecciones internas y democracia partidaria<\/strong><\/h3>\n\n\n\n<p>\u00abEs un d\u00eda de festejo y de conmemoraci\u00f3n, donde de alguna manera, confluyen trabajadores de distintos \u00e1mbitos y militantes pol\u00edticos que tienen en el 1 de Mayo una fecha simb\u00f3lica que invita a seguir peleando y construyendo este proyecto colectivo que llevamos adelante, que es nuestra gesti\u00f3n municipal\u00bb, expres\u00f3 el jefe comunal.<\/p>\n\n\n\n<p><\/p>\n\n\n\n<figure class=\"wp-block-embed aligncenter is-type-video is-provider-youtube wp-block-embed-youtube wp-embed-aspect-16-9 wp-has-aspect-ratio\"><div class=\"wp-block-embed__wrapper\">\n<iframe loading=\"lazy\" title=\"Julio Zamora encabez\u00f3 un multitudinario encuentro por el D\u00eda del Trabajador en El Talar\" width=\"525\" height=\"295\" src=\"https:\/\/www.youtube.com\/embed\/GLPsMhV5k18?feature=oembed\" frameborder=\"0\" allow=\"accelerometer; autoplay; clipboard-write; encrypted-media; gyroscope; picture-in-picture; web-share\" referrerpolicy=\"strict-origin-when-cross-origin\" allowfullscreen><\/iframe>\n<\/div><figcaption class=\"wp-element-caption\"><strong>Julio Zamora encabez\u00f3 un multitudinario acto del Peronismo de Tigre por el D\u00eda del Trabajador<\/strong><\/figcaption><\/figure>\n\n\n\n<p><\/p>\n\n\n\n<p>Respecto a lo sucedido recientemente en el <a href=\"https:\/\/tigredigital.com.ar\/noticias\/julio-zamora-lanzamiento-lista-celeste-y-blanca-pj-tigre\/\" target=\"_blank\" rel=\"noreferrer noopener\">Partido Justicialista<\/a> de Tigre, Zamora se\u00f1al\u00f3: \u00abEso fue el resultado de una concatenaci\u00f3n de hechos que viene realizando el espacio pol\u00edtico del Frente Renovador. Que sistem\u00e1ticamente act\u00faa en contra de los valores de la democracia e intervinieron expl\u00edcitamente en la vida interna del partido. Ya dieron muestra, en el Gobierno nacional, de lo que son. Se apropian de los cargos del Estado para cualquier cosa; basta con mirar las noticias en los medios nacionales\u00bb. Y continu\u00f3: \u00abQuiero aclarar y decirles, porque escuch\u00e9 que nos invitaban a volver a un lugar del que en realidad nunca nos fuimos, que con esos dirigentes no tenemos nada que ver. No somos lo mismo\u00bb.<\/p>\n\n\n\n<p>\u00abComo ocurri\u00f3 en el 2023, en el 2025 y tambi\u00e9n ahora, no quieren votar: buscan definir la conducci\u00f3n a trav\u00e9s de <a href=\"https:\/\/tigredigital.com.ar\/noticias\/pj-de-tigre-crisis-fractura-y-corte-suprema\/\" target=\"_blank\" rel=\"noreferrer noopener\">decisiones judiciales<\/a>. Y as\u00ed lo hacen no solo en el partido, sino tambi\u00e9n en la Universidad del Delta, donde los j\u00f3venes quieren organizarse, formar un centro de estudiantes, y les imponen uno designado a dedo. Eso es el Frente Renovador, eso es Sergio Massa, y eso es lo que no queremos de la pol\u00edtica\u00bb, sentenci\u00f3 Zamora.<\/p>\n\n\n\n<h3 class=\"wp-block-heading\"><strong>Cr\u00edticas a la oposici\u00f3n y defensa de la gesti\u00f3n local<\/strong><\/h3>\n\n\n\n<p>Zamora se refiri\u00f3 a las recientes disputas en el Honorable Concejo Deliberante (HCD), donde se aprob\u00f3 la limitaci\u00f3n de alturas en las construcciones del distrito. Al respecto, cuestion\u00f3 las posturas que obstaculizan la labor oficial sin presentar propuestas alternativas y record\u00f3 que su gesti\u00f3n se enfoca en proteger la identidad de los barrios: \u00abNosotros presentamos un proyecto; del otro lado no hab\u00eda nada, simplemente la negativa, sin una propuesta alternativa. Eso habla de una falta de contenido, de una postura que lo \u00fanico que hace es obstaculizar la labor de una gesti\u00f3n peronista comprometida con el vecino, de cara a la comunidad y con la intenci\u00f3n de transformar la realidad\u00bb.<\/p>\n\n\n\n<p>Asimismo, el intendente pidi\u00f3 coherencia a los sectores que hoy son oposici\u00f3n, se\u00f1alando contradicciones entre sus acciones pasadas de gobierno y sus cr\u00edticas actuales hacia la administraci\u00f3n municipal. Al respecto remarc\u00f3: \u201cQuiero que les saquemos la careta a quienes cuando gobiernan, aprueban megatorres y, cuando son oposici\u00f3n, nos quieren decir hasta d\u00f3nde podemos construir. El peronismo est\u00e1 vivo: no se rinde, no se agacha, no negocia sus convicciones\u201d.<\/p>\n\n\n\n<h3 class=\"wp-block-heading\"><strong>Compromiso con el trabajo territorial y los servicios p\u00fablicos<\/strong><\/h3>\n\n\n\n<p>El encuentro cont\u00f3 con el respaldo de numerosas organizaciones gremiales, como la Mesa Pol\u00edtica Sindical, la UTA y diversos sindicatos de salud y educaci\u00f3n. En su mensaje final, Zamora ratific\u00f3 el compromiso de su equipo con el mantenimiento de los centros de salud, los polideportivos y las pol\u00edticas sociales frente a un contexto econ\u00f3mico que afecta a los sectores m\u00e1s vulnerables. Por su parte, la secretaria de Educaci\u00f3n y Promoci\u00f3n Social, Gisela Zamora, resalt\u00f3 que la prioridad del proyecto local es estar cerca de la gente y trabajar con responsabilidad para resolver los problemas de la comunidad.<\/p>\n\n\n<div class=\"wp-block-image\">\n<figure class=\"aligncenter size-large\"><a href=\"https:\/\/tigredigital.com.ar\/noticias\/wp-content\/uploads\/2026\/05\/unnamed-2-1.jpg\"><img loading=\"lazy\" decoding=\"async\" width=\"1024\" height=\"682\" src=\"https:\/\/tigredigital.com.ar\/noticias\/wp-content\/uploads\/2026\/05\/unnamed-2-1-1024x682.jpg\" alt=\"\" class=\"wp-image-24147\" srcset=\"https:\/\/tigredigital.com.ar\/noticias\/wp-content\/uploads\/2026\/05\/unnamed-2-1-1024x682.jpg 1024w, https:\/\/tigredigital.com.ar\/noticias\/wp-content\/uploads\/2026\/05\/unnamed-2-1-300x200.jpg 300w, https:\/\/tigredigital.com.ar\/noticias\/wp-content\/uploads\/2026\/05\/unnamed-2-1-768x512.jpg 768w, https:\/\/tigredigital.com.ar\/noticias\/wp-content\/uploads\/2026\/05\/unnamed-2-1-1536x1023.jpg 1536w, https:\/\/tigredigital.com.ar\/noticias\/wp-content\/uploads\/2026\/05\/unnamed-2-1.jpg 1600w\" sizes=\"auto, (max-width: 767px) 89vw, (max-width: 1000px) 54vw, (max-width: 1071px) 543px, 580px\" \/><\/a><figcaption class=\"wp-element-caption\"><strong>En el marco de la conmemoraci\u00f3n del 1\u00b0 de Mayo, el peronismo de Tigre realiz\u00f3 un acto en la localidad de El Talar con la presencia de dirigentes, organizaciones sindicales y vecinos<\/strong><\/figcaption><\/figure>\n<\/div>\n\n\n<h3 class=\"wp-block-heading\"><strong>As\u00ed fue el discurso completo del Intendente Julio Zamora<\/strong><\/h3>\n\n\n\n<p>\u00abCompa\u00f1eros, compa\u00f1eras, feliz D\u00eda de los Trabajadores para todos y todas. Hoy es un d\u00eda de festejo, pero saben muy bien que tambi\u00e9n es un d\u00eda de conmemoraci\u00f3n. La de ocho m\u00e1rtires que dieron la vida para que cada uno de nosotros, cada trabajador, tenga una jornada laboral limitada a ocho horas. Corri\u00f3 sangre, hubo v\u00edctimas y mucha historia para que este derecho sea reconocido en todas partes del mundo. Sin embargo, no se conmemora en Estados Unidos, donde precisamente fueron asesinados y ahorcados esos ocho m\u00e1rtires. En casi todos los rincones del mundo se celebra el D\u00eda de los Trabajadores, salvo en el lugar donde ocurrieron esos hechos.<\/p>\n\n\n\n<p>Entonces nos preguntamos si no es hora de rescatar nuestra historia, de recoger esa rica tradici\u00f3n de lucha de los trabajadores para defender derechos que hoy est\u00e1n siendo conculcados. Estamos atravesando un momento de mucho dolor para las familias, para las personas con discapacidad, para los abuelos y para los trabajadores, que hoy sufren un desmantelamiento de sus derechos. Por eso es necesario contar con una herramienta pol\u00edtica que defienda a los sectores m\u00e1s humildes.<\/p>\n\n\n\n<p>Estamos ac\u00e1, recogiendo esas banderas tan valiosas del peronismo, rescat\u00e1ndolas de la historia y proyect\u00e1ndolas hacia el futuro. Ustedes saben muy bien que, lamentablemente, todos los compa\u00f1eros que hoy estamos celebrando este d\u00eda no pudimos votar en condiciones transparentes dentro del Partido Justicialista. Como ocurri\u00f3 en el 2023, en el 2025 y tambi\u00e9n ahora, no quieren votar: buscan definir la conducci\u00f3n a trav\u00e9s de decisiones judiciales. Y as\u00ed lo hacen no solo en el partido, sino tambi\u00e9n en la Universidad del Delta, donde los j\u00f3venes quieren organizarse, formar un centro de estudiantes, y les imponen uno designado a dedo. Eso es el Frente Renovador, eso es Sergio Massa, y eso es lo que no queremos de la pol\u00edtica.<\/p>\n\n\n\n<p>Queremos un peronismo que permita la participaci\u00f3n, que vote y que elija a sus dirigentes. Entraron al partido de noche, usurpando un lugar que es sagrado para todos nosotros, sin respetar la decisi\u00f3n del Partido Justicialista de la Provincia de Buenos Aires. Se hicieron cargo de algo que no les corresponde, ni por derecho, ni por historia, ni por militancia. Ese lugar es del peronismo, es nuestro, y debe darnos la posibilidad de seguir gobernando esta hermosa ciudad, donde desde hace 12 a\u00f1os los vecinos nos acompa\u00f1an.<\/p>\n\n\n\n<p>Y un mensaje para todos los compa\u00f1eros: la militancia peronista desborda, es mucho m\u00e1s que cualquier estructura partidaria. Ya lo dijimos cuando comenzamos con esta tarea. Nos pueden sacar el partido, pero no el alma, no el sentimiento, no el coraz\u00f3n que le entregamos todos los d\u00edas a nuestros vecinos m\u00e1s humildes para que funcionen los centros de salud, para que los polideportivos est\u00e9n abiertos, para que la cultura llegue a cada rinc\u00f3n de Tigre y para que haya seguridad. Ese coraz\u00f3n no nos lo van a robar, compa\u00f1eros. No nos lo van a robar porque somos la esperanza de Tigre.<\/p>\n\n\n\n<p>Ellos ya dieron muestra, en el Gobierno nacional, de lo que son. Se apropian de los cargos del Estado para cualquier cosa; basta con mirar las noticias. Y quiero decirles, porque escuch\u00e9 que nos invitaban a volver a un lugar del que en realidad nunca nos fuimos, que con esos dirigentes no tenemos nada que ver. No somos lo mismo. Y como militante peronista, quiero poner en estos pr\u00f3ximos dos a\u00f1os toda la fuerza para sepultar una forma de hacer pol\u00edtica que le hizo mucho da\u00f1o a Tigre, y hacerlo de la mano de cada uno de ustedes.<\/p>\n\n\n\n<p>Quiero que me acompa\u00f1en. Quiero que les saquemos la careta a quienes, cuando gobiernan, aprueban megatorres y, cuando son oposici\u00f3n, nos quieren decir hasta d\u00f3nde podemos construir.<\/p>\n\n\n\n<p><\/p>\n\n\n\n<figure class=\"wp-block-image size-full\"><a href=\"https:\/\/tigredigital.com.ar\/noticias\/wp-content\/uploads\/2026\/05\/snapshot1.png\"><img loading=\"lazy\" decoding=\"async\" width=\"854\" height=\"480\" src=\"https:\/\/tigredigital.com.ar\/noticias\/wp-content\/uploads\/2026\/05\/snapshot1.png\" alt=\"\" class=\"wp-image-24149\" srcset=\"https:\/\/tigredigital.com.ar\/noticias\/wp-content\/uploads\/2026\/05\/snapshot1.png 854w, https:\/\/tigredigital.com.ar\/noticias\/wp-content\/uploads\/2026\/05\/snapshot1-300x169.png 300w, https:\/\/tigredigital.com.ar\/noticias\/wp-content\/uploads\/2026\/05\/snapshot1-768x432.png 768w\" sizes=\"auto, (max-width: 767px) 89vw, (max-width: 1000px) 54vw, (max-width: 1071px) 543px, 580px\" \/><\/a><figcaption class=\"wp-element-caption\"><strong>Julio Zamora encabez\u00f3 un multitudinario encuentro con la militancia en donde brind\u00f3 un mensaje centrado en la democratizaci\u00f3n del peronismo local<\/strong><\/figcaption><\/figure>\n\n\n\n<p><\/p>\n\n\n\n<p>Quiero que me acompa\u00f1en a combatir a quienes, cuando gobiernan, permiten basurales clandestinos y, cuando no lo hacen, nos sacan fotos en un cesto de basura. Quiero que nos acompa\u00f1en a transformar el Tigre que queremos, a terminar nuestro hospital municipal para brindarles a todos los vecinos la salud que merecen. Quiero que me acompa\u00f1en porque tambi\u00e9n tenemos enfrente a un sector que viene por los polideportivos, iniciados en la gesti\u00f3n de Ricardo Ubieto. Esos polideportivos est\u00e1n en peligro con un gobierno liberal o con un gobierno que lo \u00fanico que hac\u00eda era organizar recitales. Est\u00e1n en riesgo si no seguimos defendiendo lo que construimos.<\/p>\n\n\n\n<p>Est\u00e1 en peligro nuestro sistema de seguridad, est\u00e1n en riesgo todas las pol\u00edticas sociales que venimos desarrollando: las de ni\u00f1ez, las de mujeres, las de producci\u00f3n, las de cultura; todas aquellas que buscan acompa\u00f1ar a los vecinos que m\u00e1s lo necesitan. Todo eso est\u00e1 en juego dentro de dos a\u00f1os. Por eso tenemos que militar, estar en la calle. El peronismo no es una casa: el peronismo se ve en cada uno de los barrios de Tigre.<\/p>\n\n\n\n<p>Tenemos a\u00f1os de gesti\u00f3n que demuestran que hicimos de esta ciudad, adem\u00e1s de una ciudad moderna, una ciudad humana, una ciudad que se preocupa por el otro, con todas las pol\u00edticas que mencion\u00e9 reci\u00e9n. Por eso, queridos compa\u00f1eros, en este 1 de Mayo \u2014un d\u00eda hist\u00f3rico para la Argentina y para el mundo\u2014 quiero invitarlos a seguir construyendo esperanza, a sostener el sue\u00f1o de que podemos estar mejor de la mano de todos ustedes, de que podemos seguir transformando.<\/p>\n\n\n\n<p>Quiero agradecer a los compa\u00f1eros del PJ que se vienen reuniendo, a los jefes de comando que est\u00e1n en cada localidad viendo y palpando lo que pasa y dando respuestas, a las organizaciones sociales que colaboran y trabajan con nosotros para hacer el Tigre mejor que queremos, porque solos no podemos hacerlo.<\/p>\n\n\n\n<p>A todos, al movimiento solidario, a los movimientos sociales, a quienes est\u00e1n junto a nosotros transformando esta ciudad. Esta foto de hoy es la que quiero ver en octubre de 2027, si las elecciones se dan en esa fecha: festejando que vamos a seguir construyendo, festejando que vamos a seguir transformando nuestra ciudad. A no aflojar.<\/p>\n\n\n\n<p>No hagamos caso a esas redes que intentan instalar que en Tigre est\u00e1 todo bien. Yo s\u00e9 que no est\u00e1 todo bien, compa\u00f1eros. Un municipio no puede resolver todo, pero nos quieren mostrar como si no nos importara lo que le pasa a la gente. Nos importa y mucho. Y por eso tenemos que estar al lado de nuestros vecinos, acompa\u00f1\u00e1ndolos, escuch\u00e1ndolos, mostr\u00e1ndoles que tenemos un sue\u00f1o, que es tambi\u00e9n el de ellos. Y para eso, a militar, militar y militar: por Per\u00f3n, por Evita y por el Tigre que queremos. Los que queremos a nuestra ciudad estamos ac\u00e1.<\/p>\n\n\n\n<p>Compa\u00f1eros, muchas gracias a todos. Este es un d\u00eda inolvidable, por poder compartirlo con ustedes, por ver que, a pesar de las adversidades, de las trampas, de lo que se difunde en redes sociales y de los recursos que se ponen en los medios, el peronismo est\u00e1 vivo: no se rinde, no se agacha, no negocia sus convicciones. Vamos a seguir trabajando por el Tigre que queremos. Muchas gracias\u00bb.<\/p>\n\n\n\n<h2 class=\"wp-block-heading\"><strong>Autor<\/strong><\/h2>\n\n\n\n<div class=\"wp-block-media-text is-stacked-on-mobile is-vertically-aligned-top\" style=\"grid-template-columns:15% auto\"><figure class=\"wp-block-media-text__media\"><img loading=\"lazy\" decoding=\"async\" width=\"358\" height=\"460\" src=\"https:\/\/tigredigital.com.ar\/noticias\/wp-content\/uploads\/2026\/02\/Gemini_Generated_Image_vviqdfvviqdfvviq.png\" alt=\"\" class=\"wp-image-23337 size-thumbnail\" srcset=\"https:\/\/tigredigital.com.ar\/noticias\/wp-content\/uploads\/2026\/02\/Gemini_Generated_Image_vviqdfvviqdfvviq.png 358w, https:\/\/tigredigital.com.ar\/noticias\/wp-content\/uploads\/2026\/02\/Gemini_Generated_Image_vviqdfvviqdfvviq-233x300.png 233w\" sizes=\"auto, (max-width: 358px) 100vw, 358px\" \/><\/figure><div class=\"wp-block-media-text__content\">\n<h4 class=\"wp-block-heading\"><strong>Daniel Lowy<\/strong><\/h4>\n\n\n\n<p>Director General, editor y responsable editorial del portal digital de noticias \u00abTigre Digital Noticias\u00bb<\/p>\n\n\n\n<p>&#8212;&#8212;&#8212;&#8212;&#8212;&#8212;&#8212;&#8212;&#8212;&#8212;&#8212;&#8212;&#8212;&#8212;&#8212;&#8212;&#8212;&#8212;&#8212;&#8212;&#8211;<\/p>\n<\/div><\/div>\n\n\n\n<p><\/p>\n\n\n<div class=\"wp-block-image\">\n<figure class=\"aligncenter size-full is-resized\"><a href=\"https:\/\/tigredigital.com.ar\/noticias\/wp-content\/uploads\/2026\/05\/GIF-HOSPITAL-DE-ALTA-COMPLEJIDAD-2026-700x700-PX.gif\"><img loading=\"lazy\" decoding=\"async\" width=\"700\" height=\"700\" src=\"https:\/\/tigredigital.com.ar\/noticias\/wp-content\/uploads\/2026\/05\/GIF-HOSPITAL-DE-ALTA-COMPLEJIDAD-2026-700x700-PX.gif\" alt=\"\" class=\"wp-image-24138\" style=\"width:531px;height:auto\"\/><\/a><\/figure>\n<\/div>\n\n\n<p><\/p>\n\n\n\n<h2 class=\"wp-block-heading\"><strong>M\u00e1s Noticias<\/strong><\/h2>\n\n\n<ul class=\"wp-block-latest-posts__list is-grid columns-2 has-author aligncenter wp-block-latest-posts\"><li><div class=\"wp-block-latest-posts__featured-image aligncenter\"><a href=\"https:\/\/tigredigital.com.ar\/noticias\/violento-choque-entre-un-auto-y-una-moto-en-rincon-de-milberg\/\" aria-label=\"Violento choque entre un auto y una moto en Rinc\u00f3n de Milberg\"><img loading=\"lazy\" decoding=\"async\" width=\"300\" height=\"169\" src=\"https:\/\/tigredigital.com.ar\/noticias\/wp-content\/uploads\/2026\/05\/snapshot8-300x169.png\" class=\"attachment-medium size-medium wp-post-image\" alt=\"\" style=\"\" srcset=\"https:\/\/tigredigital.com.ar\/noticias\/wp-content\/uploads\/2026\/05\/snapshot8-300x169.png 300w, https:\/\/tigredigital.com.ar\/noticias\/wp-content\/uploads\/2026\/05\/snapshot8-1024x576.png 1024w, https:\/\/tigredigital.com.ar\/noticias\/wp-content\/uploads\/2026\/05\/snapshot8-768x432.png 768w, https:\/\/tigredigital.com.ar\/noticias\/wp-content\/uploads\/2026\/05\/snapshot8.png 1280w\" sizes=\"auto, 100vw\" \/><\/a><\/div><a class=\"wp-block-latest-posts__post-title\" href=\"https:\/\/tigredigital.com.ar\/noticias\/violento-choque-entre-un-auto-y-una-moto-en-rincon-de-milberg\/\">Violento choque entre un auto y una moto en Rinc\u00f3n de Milberg<\/a><div class=\"wp-block-latest-posts__post-author\">por Daniel Lowy<\/div><\/li>\n<li><div class=\"wp-block-latest-posts__featured-image aligncenter\"><a href=\"https:\/\/tigredigital.com.ar\/noticias\/julio-zamora-acto-peronismo-dia-trabajador-talar\/\" aria-label=\"Julio Zamora encabez\u00f3 un encuentro con la militancia por el D\u00eda del Trabajador en El Talar\"><img loading=\"lazy\" decoding=\"async\" width=\"300\" height=\"200\" src=\"https:\/\/tigredigital.com.ar\/noticias\/wp-content\/uploads\/2026\/05\/unnamed-300x200.jpg\" class=\"attachment-medium size-medium wp-post-image\" alt=\"El Peronismo de Tigre realiz\u00f3 un multitudinario acto por el D\u00eda del Trabajador, encabezado por el intendente Julio Zamora. All\u00ed, brind\u00f3 un mensaje enfocado en recuperar la historia, reorganizarse para defender a los sectores m\u00e1s vulnerables y cuestion\u00f3 a quienes act\u00faan de manera contradictoria cuando son oposici\u00f3n.\" style=\"\" srcset=\"https:\/\/tigredigital.com.ar\/noticias\/wp-content\/uploads\/2026\/05\/unnamed-300x200.jpg 300w, https:\/\/tigredigital.com.ar\/noticias\/wp-content\/uploads\/2026\/05\/unnamed-1024x682.jpg 1024w, https:\/\/tigredigital.com.ar\/noticias\/wp-content\/uploads\/2026\/05\/unnamed-768x512.jpg 768w, https:\/\/tigredigital.com.ar\/noticias\/wp-content\/uploads\/2026\/05\/unnamed-1536x1023.jpg 1536w, https:\/\/tigredigital.com.ar\/noticias\/wp-content\/uploads\/2026\/05\/unnamed.jpg 1600w\" sizes=\"auto, 100vw\" \/><\/a><\/div><a class=\"wp-block-latest-posts__post-title\" href=\"https:\/\/tigredigital.com.ar\/noticias\/julio-zamora-acto-peronismo-dia-trabajador-talar\/\">Julio Zamora encabez\u00f3 un encuentro con la militancia por el D\u00eda del Trabajador en El Talar<\/a><div class=\"wp-block-latest-posts__post-author\">por Daniel Lowy<\/div><\/li>\n<li><div class=\"wp-block-latest-posts__featured-image aligncenter\"><a href=\"https:\/\/tigredigital.com.ar\/noticias\/el-tigre-boat-club-inauguro-su-guarderia-nautica\/\" aria-label=\"El Tigre Boat Club inaugur\u00f3 su guarder\u00eda n\u00e1utica\"><img loading=\"lazy\" decoding=\"async\" width=\"300\" height=\"200\" src=\"https:\/\/tigredigital.com.ar\/noticias\/wp-content\/uploads\/2026\/05\/unnamed-2-300x200.jpg\" class=\"attachment-medium size-medium wp-post-image\" alt=\"El nuevo galp\u00f3n n\u00e1utico del TBC est\u00e1 ubicado en la Pista nacional de Remos y Canotaje\" style=\"\" srcset=\"https:\/\/tigredigital.com.ar\/noticias\/wp-content\/uploads\/2026\/05\/unnamed-2-300x200.jpg 300w, https:\/\/tigredigital.com.ar\/noticias\/wp-content\/uploads\/2026\/05\/unnamed-2-1024x683.jpg 1024w, https:\/\/tigredigital.com.ar\/noticias\/wp-content\/uploads\/2026\/05\/unnamed-2-768x512.jpg 768w, https:\/\/tigredigital.com.ar\/noticias\/wp-content\/uploads\/2026\/05\/unnamed-2-1536x1024.jpg 1536w, https:\/\/tigredigital.com.ar\/noticias\/wp-content\/uploads\/2026\/05\/unnamed-2.jpg 1620w\" sizes=\"auto, 100vw\" \/><\/a><\/div><a class=\"wp-block-latest-posts__post-title\" href=\"https:\/\/tigredigital.com.ar\/noticias\/el-tigre-boat-club-inauguro-su-guarderia-nautica\/\">El Tigre Boat Club inaugur\u00f3 su guarder\u00eda n\u00e1utica<\/a><div class=\"wp-block-latest-posts__post-author\">por Daniel Lowy<\/div><\/li>\n<li><div class=\"wp-block-latest-posts__featured-image aligncenter\"><a href=\"https:\/\/tigredigital.com.ar\/noticias\/julio-zamora-charla-dia-trabajador-mat\/\" aria-label=\"Julio Zamora encabez\u00f3 un encuentro sobre la historia y el futuro del empleo en el Museo de Arte Tigre\"><img loading=\"lazy\" decoding=\"async\" width=\"300\" height=\"200\" src=\"https:\/\/tigredigital.com.ar\/noticias\/wp-content\/uploads\/2026\/04\/6-300x200.jpg\" class=\"attachment-medium size-medium wp-post-image\" alt=\"\" style=\"\" srcset=\"https:\/\/tigredigital.com.ar\/noticias\/wp-content\/uploads\/2026\/04\/6-300x200.jpg 300w, https:\/\/tigredigital.com.ar\/noticias\/wp-content\/uploads\/2026\/04\/6-1024x683.jpg 1024w, https:\/\/tigredigital.com.ar\/noticias\/wp-content\/uploads\/2026\/04\/6-768x512.jpg 768w, https:\/\/tigredigital.com.ar\/noticias\/wp-content\/uploads\/2026\/04\/6.jpg 1500w\" sizes=\"auto, 100vw\" \/><\/a><\/div><a class=\"wp-block-latest-posts__post-title\" href=\"https:\/\/tigredigital.com.ar\/noticias\/julio-zamora-charla-dia-trabajador-mat\/\">Julio Zamora encabez\u00f3 un encuentro sobre la historia y el futuro del empleo en el Museo de Arte Tigre<\/a><div class=\"wp-block-latest-posts__post-author\">por Daniel Lowy<\/div><\/li>\n<li><div class=\"wp-block-latest-posts__featured-image aligncenter\"><a href=\"https:\/\/tigredigital.com.ar\/noticias\/taller-inclusion-digital-adultos-mayores-ricardo-rojas\/\" aria-label=\"Los adultos mayores de Ricardo Rojas se sumaron a una nueva capacitaci\u00f3n en tecnolog\u00eda\"><img loading=\"lazy\" decoding=\"async\" width=\"300\" height=\"175\" src=\"https:\/\/tigredigital.com.ar\/noticias\/wp-content\/uploads\/2026\/04\/unnamed-300x175.png\" class=\"attachment-medium size-medium wp-post-image\" alt=\"El Gobierno local realiz\u00f3 una jornada de capacitaci\u00f3n en el Polideportivo de Ricardo Rojas, donde se brindaron herramientas pr\u00e1cticas para el uso de celulares, la realizaci\u00f3n de tr\u00e1mites online y la navegaci\u00f3n segura en internet.\" style=\"\" srcset=\"https:\/\/tigredigital.com.ar\/noticias\/wp-content\/uploads\/2026\/04\/unnamed-300x175.png 300w, https:\/\/tigredigital.com.ar\/noticias\/wp-content\/uploads\/2026\/04\/unnamed-1024x597.png 1024w, https:\/\/tigredigital.com.ar\/noticias\/wp-content\/uploads\/2026\/04\/unnamed-768x448.png 768w, https:\/\/tigredigital.com.ar\/noticias\/wp-content\/uploads\/2026\/04\/unnamed.png 1200w\" sizes=\"auto, 100vw\" \/><\/a><\/div><a class=\"wp-block-latest-posts__post-title\" href=\"https:\/\/tigredigital.com.ar\/noticias\/taller-inclusion-digital-adultos-mayores-ricardo-rojas\/\">Los adultos mayores de Ricardo Rojas se sumaron a una nueva capacitaci\u00f3n en tecnolog\u00eda<\/a><div class=\"wp-block-latest-posts__post-author\">por Daniel Lowy<\/div><\/li>\n<li><div class=\"wp-block-latest-posts__featured-image aligncenter\"><a href=\"https:\/\/tigredigital.com.ar\/noticias\/zamora-reclamo-internas-pj-tigre\/\" aria-label=\"El sector que responde a Julio Zamora solicit\u00f3 la inmediata convocatoria a elecciones internas en el PJ de Tigre\"><img loading=\"lazy\" decoding=\"async\" width=\"300\" height=\"200\" src=\"https:\/\/tigredigital.com.ar\/noticias\/wp-content\/uploads\/2026\/04\/unnamed-12-300x200.jpg\" class=\"attachment-medium size-medium wp-post-image\" alt=\"\" style=\"\" srcset=\"https:\/\/tigredigital.com.ar\/noticias\/wp-content\/uploads\/2026\/04\/unnamed-12-300x200.jpg 300w, https:\/\/tigredigital.com.ar\/noticias\/wp-content\/uploads\/2026\/04\/unnamed-12-1024x683.jpg 1024w, https:\/\/tigredigital.com.ar\/noticias\/wp-content\/uploads\/2026\/04\/unnamed-12-768x512.jpg 768w, https:\/\/tigredigital.com.ar\/noticias\/wp-content\/uploads\/2026\/04\/unnamed-12-1536x1024.jpg 1536w, https:\/\/tigredigital.com.ar\/noticias\/wp-content\/uploads\/2026\/04\/unnamed-12.jpg 1620w\" sizes=\"auto, 100vw\" \/><\/a><\/div><a class=\"wp-block-latest-posts__post-title\" href=\"https:\/\/tigredigital.com.ar\/noticias\/zamora-reclamo-internas-pj-tigre\/\">El sector que responde a Julio Zamora solicit\u00f3 la inmediata convocatoria a elecciones internas en el PJ de Tigre<\/a><div class=\"wp-block-latest-posts__post-author\">por Daniel Lowy<\/div><\/li>\n<li><div class=\"wp-block-latest-posts__featured-image aligncenter\"><a href=\"https:\/\/tigredigital.com.ar\/noticias\/detencion-arma-drogas-don-torcuato\/\" aria-label=\"Detenci\u00f3n de dos personas con armamento y estupefacientes tras un incidente vial en Don Torcuato\"><img loading=\"lazy\" decoding=\"async\" width=\"300\" height=\"169\" src=\"https:\/\/tigredigital.com.ar\/noticias\/wp-content\/uploads\/2026\/04\/snapshot1-5-300x169.png\" class=\"attachment-medium size-medium wp-post-image\" alt=\"Todo comenz\u00f3 cuando una moto con dos ocupantes choc\u00f3 a un peat\u00f3n en plena tarde. El hecho fue detectado por un t\u00f3tem del Centro de Operaciones Tigre, lo que deriv\u00f3 en un operativo: quienes conduc\u00edan el rodado fueron detenidos luego de la identificaci\u00f3n de las fuerzas de seguridad.\" style=\"\" srcset=\"https:\/\/tigredigital.com.ar\/noticias\/wp-content\/uploads\/2026\/04\/snapshot1-5-300x169.png 300w, https:\/\/tigredigital.com.ar\/noticias\/wp-content\/uploads\/2026\/04\/snapshot1-5-1024x576.png 1024w, https:\/\/tigredigital.com.ar\/noticias\/wp-content\/uploads\/2026\/04\/snapshot1-5-768x432.png 768w, https:\/\/tigredigital.com.ar\/noticias\/wp-content\/uploads\/2026\/04\/snapshot1-5-1536x864.png 1536w, https:\/\/tigredigital.com.ar\/noticias\/wp-content\/uploads\/2026\/04\/snapshot1-5.png 1920w\" sizes=\"auto, 100vw\" \/><\/a><\/div><a class=\"wp-block-latest-posts__post-title\" href=\"https:\/\/tigredigital.com.ar\/noticias\/detencion-arma-drogas-don-torcuato\/\">Detenci\u00f3n de dos personas con armamento y estupefacientes tras un incidente vial en Don Torcuato<\/a><div class=\"wp-block-latest-posts__post-author\">por Daniel Lowy<\/div><\/li>\n<li><div class=\"wp-block-latest-posts__featured-image aligncenter\"><a href=\"https:\/\/tigredigital.com.ar\/noticias\/tigre-aprueba-ordenanza-limites-altura-urbana\/\" aria-label=\"Tigre establece l\u00edmites a las alturas mediante una nueva ordenanza de ordenamiento urbano\"><img loading=\"lazy\" decoding=\"async\" width=\"300\" height=\"169\" src=\"https:\/\/tigredigital.com.ar\/noticias\/wp-content\/uploads\/2026\/04\/2008_009-300x169.jpg\" class=\"attachment-medium size-medium wp-post-image\" alt=\"\" style=\"\" srcset=\"https:\/\/tigredigital.com.ar\/noticias\/wp-content\/uploads\/2026\/04\/2008_009-300x169.jpg 300w, https:\/\/tigredigital.com.ar\/noticias\/wp-content\/uploads\/2026\/04\/2008_009-1024x576.jpg 1024w, https:\/\/tigredigital.com.ar\/noticias\/wp-content\/uploads\/2026\/04\/2008_009-768x432.jpg 768w, https:\/\/tigredigital.com.ar\/noticias\/wp-content\/uploads\/2026\/04\/2008_009.jpg 1280w\" sizes=\"auto, 100vw\" \/><\/a><\/div><a class=\"wp-block-latest-posts__post-title\" href=\"https:\/\/tigredigital.com.ar\/noticias\/tigre-aprueba-ordenanza-limites-altura-urbana\/\">Tigre establece l\u00edmites a las alturas mediante una nueva ordenanza de ordenamiento urbano<\/a><div class=\"wp-block-latest-posts__post-author\">por Daniel Lowy<\/div><\/li>\n<li><div class=\"wp-block-latest-posts__featured-image aligncenter\"><a href=\"https:\/\/tigredigital.com.ar\/noticias\/apertura-distrital-2026-scouts-tigre-pacheco\/\" aria-label=\"En General Pacheco, grupos scouts de Tigre formalizaron la apertura para sus actividades de este a\u00f1o\"><img loading=\"lazy\" decoding=\"async\" width=\"300\" height=\"200\" src=\"https:\/\/tigredigital.com.ar\/noticias\/wp-content\/uploads\/2026\/04\/unnamed-3-1-300x200.jpg\" class=\"attachment-medium size-medium wp-post-image\" alt=\"\" style=\"\" srcset=\"https:\/\/tigredigital.com.ar\/noticias\/wp-content\/uploads\/2026\/04\/unnamed-3-1-300x200.jpg 300w, https:\/\/tigredigital.com.ar\/noticias\/wp-content\/uploads\/2026\/04\/unnamed-3-1-1024x683.jpg 1024w, https:\/\/tigredigital.com.ar\/noticias\/wp-content\/uploads\/2026\/04\/unnamed-3-1-768x512.jpg 768w, https:\/\/tigredigital.com.ar\/noticias\/wp-content\/uploads\/2026\/04\/unnamed-3-1-1536x1024.jpg 1536w, https:\/\/tigredigital.com.ar\/noticias\/wp-content\/uploads\/2026\/04\/unnamed-3-1.jpg 1620w\" sizes=\"auto, 100vw\" \/><\/a><\/div><a class=\"wp-block-latest-posts__post-title\" href=\"https:\/\/tigredigital.com.ar\/noticias\/apertura-distrital-2026-scouts-tigre-pacheco\/\">En General Pacheco, grupos scouts de Tigre formalizaron la apertura para sus actividades de este a\u00f1o<\/a><div class=\"wp-block-latest-posts__post-author\">por Daniel Lowy<\/div><\/li>\n<li><div class=\"wp-block-latest-posts__featured-image aligncenter\"><a href=\"https:\/\/tigredigital.com.ar\/noticias\/municipio-tigre-inicia-programa-emprendedoras-rodantes\/\" aria-label=\"Comenz\u00f3 en Tigre el programa municipal de capacitaci\u00f3n \u00abEmprendedoras Rodantes\u00bb\"><img loading=\"lazy\" decoding=\"async\" width=\"300\" height=\"180\" src=\"https:\/\/tigredigital.com.ar\/noticias\/wp-content\/uploads\/2026\/04\/EMPRENDEDORAS-RODANTES-300x180.jpg\" class=\"attachment-medium size-medium wp-post-image\" alt=\"Emprendedoras Rodantes es un programa impulsado por el Municipio de Tigre que busca fortalecer la autonom\u00eda econ\u00f3mica de las mujeres del distrito a trav\u00e9s de la formaci\u00f3n en oficios y microemprendimientos\" style=\"\" srcset=\"https:\/\/tigredigital.com.ar\/noticias\/wp-content\/uploads\/2026\/04\/EMPRENDEDORAS-RODANTES-300x180.jpg 300w, https:\/\/tigredigital.com.ar\/noticias\/wp-content\/uploads\/2026\/04\/EMPRENDEDORAS-RODANTES-1024x614.jpg 1024w, https:\/\/tigredigital.com.ar\/noticias\/wp-content\/uploads\/2026\/04\/EMPRENDEDORAS-RODANTES-768x461.jpg 768w, https:\/\/tigredigital.com.ar\/noticias\/wp-content\/uploads\/2026\/04\/EMPRENDEDORAS-RODANTES.jpg 1200w\" sizes=\"auto, 100vw\" \/><\/a><\/div><a class=\"wp-block-latest-posts__post-title\" href=\"https:\/\/tigredigital.com.ar\/noticias\/municipio-tigre-inicia-programa-emprendedoras-rodantes\/\">Comenz\u00f3 en Tigre el programa municipal de capacitaci\u00f3n \u00abEmprendedoras Rodantes\u00bb<\/a><div class=\"wp-block-latest-posts__post-author\">por Daniel Lowy<\/div><\/li>\n<\/ul>\n\n\n<p><\/p>\n\n\n\n<div class=\"wp-block-cover is-light\"><span aria-hidden=\"true\" class=\"wp-block-cover__background has-background-dim\"><\/span><img loading=\"lazy\" decoding=\"async\" width=\"480\" height=\"500\" class=\"wp-block-cover__image-background wp-image-18331\" alt=\"\" src=\"https:\/\/tigredigital.com.ar\/noticias\/wp-content\/uploads\/2023\/11\/LOGO-TIGRE-DIGITAL-CIRCULO.png\" data-object-fit=\"cover\" srcset=\"https:\/\/tigredigital.com.ar\/noticias\/wp-content\/uploads\/2023\/11\/LOGO-TIGRE-DIGITAL-CIRCULO.png 480w, https:\/\/tigredigital.com.ar\/noticias\/wp-content\/uploads\/2023\/11\/LOGO-TIGRE-DIGITAL-CIRCULO-288x300.png 288w\" sizes=\"auto, (max-width: 480px) 100vw, 480px\" \/><div class=\"wp-block-cover__inner-container is-layout-flow wp-block-cover-is-layout-flow\">\n<div class=\"wp-block-group\"><div class=\"wp-block-group__inner-container is-layout-constrained wp-block-group-is-layout-constrained\">\n<div class=\"wp-block-columns is-layout-flex wp-container-core-columns-is-layout-9d6595d7 wp-block-columns-is-layout-flex\">\n<div class=\"wp-block-column is-layout-flow wp-block-column-is-layout-flow\" style=\"flex-basis:100%\">\n<div class=\"wp-block-group alignfull has-background-color has-white-color has-black-background-color has-text-color has-background has-link-color wp-elements-37ea6134c40452122b721bb912a37805\" style=\"min-height:40vh;margin-top:0;margin-bottom:0;padding-top:var(--wp--preset--spacing--60);padding-right:var(--wp--preset--spacing--40);padding-bottom:var(--wp--preset--spacing--60);padding-left:var(--wp--preset--spacing--40)\"><div class=\"wp-block-group__inner-container is-layout-constrained wp-container-core-group-is-layout-27c39f3e wp-block-group-is-layout-constrained\">\n<div class=\"wp-block-columns alignwide has-small-font-size is-layout-flex wp-container-core-columns-is-layout-9d6595d7 wp-block-columns-is-layout-flex\">\n<div class=\"wp-block-column is-layout-flow wp-block-column-is-layout-flow\">\n<p class=\"has-text-align-center\">(1648) Tigre<\/p>\n\n\n\n<p class=\"has-text-align-center\">Buenos Aires<\/p>\n\n\n\n<p class=\"has-text-align-center\">Argentina<\/p>\n\n\n\n<div style=\"height:24px\" aria-hidden=\"true\" class=\"wp-block-spacer\"><\/div>\n<\/div>\n\n\n\n<div class=\"wp-block-column is-vertically-aligned-stretch is-layout-flow wp-block-column-is-layout-flow\">\n<p class=\"has-text-align-center\">Comunicate con nosotros:<\/p>\n\n\n\n<p class=\"has-text-align-center\"><a href=\"contacto@tigredigital.com.ar\" target=\"_blank\" rel=\"noreferrer noopener\">contacto@tigredigital.com.ar<\/a><\/p>\n\n\n<div class=\"wp-block-image\">\n<figure class=\"aligncenter size-full is-resized\"><a href=\"https:\/\/tigredigital.com.ar\/noticias\/\" target=\"_blank\" rel=\"noreferrer noopener\"><img loading=\"lazy\" decoding=\"async\" width=\"480\" height=\"500\" src=\"https:\/\/tigredigital.com.ar\/noticias\/wp-content\/uploads\/2023\/11\/LOGO-TIGRE-DIGITAL-CIRCULO-1.png\" alt=\"\" class=\"wp-image-18332\" style=\"width:98px;height:auto\" srcset=\"https:\/\/tigredigital.com.ar\/noticias\/wp-content\/uploads\/2023\/11\/LOGO-TIGRE-DIGITAL-CIRCULO-1.png 480w, https:\/\/tigredigital.com.ar\/noticias\/wp-content\/uploads\/2023\/11\/LOGO-TIGRE-DIGITAL-CIRCULO-1-288x300.png 288w\" sizes=\"auto, (max-width: 480px) 100vw, 480px\" \/><\/a><\/figure>\n<\/div>\n\n\n<div style=\"height:24px\" aria-hidden=\"true\" class=\"wp-block-spacer\"><\/div>\n<\/div>\n\n\n\n<div class=\"wp-block-column is-layout-flow wp-block-column-is-layout-flow\">\n<p class=\"has-text-align-center\">Adem\u00e1s pod\u00e9s  seguirnos en<\/p>\n\n\n\n<p class=\"has-text-align-center\">nuestras redes sociales:<\/p>\n\n\n\n<div class=\"wp-block-group is-vertical is-content-justification-center is-layout-flex wp-container-core-group-is-layout-bdd043ae wp-block-group-is-layout-flex\">\n<p><a href=\"https:\/\/www.facebook.com\/tigredigital\/\" target=\"_blank\" rel=\"noreferrer noopener\">Facebook<\/a><\/p>\n\n\n\n<p><a href=\"https:\/\/www.instagram.com\/tigredigitalnoticias\/\" target=\"_blank\" rel=\"noreferrer noopener\">Instagram<\/a><\/p>\n\n\n\n<p><a href=\"https:\/\/twitter.com\/digital_tigre\" target=\"_blank\" rel=\"noreferrer noopener\">Twitter<\/a><\/p>\n\n\n\n<p><a href=\"https:\/\/www.youtube.com\/channel\/UC26DeuIB96yC2vbePmuFH5A\" target=\"_blank\" rel=\"noreferrer noopener\">Youtube<\/a><\/p>\n<\/div>\n\n\n\n<div style=\"height:24px\" aria-hidden=\"true\" class=\"wp-block-spacer\"><\/div>\n<\/div>\n<\/div>\n\n\n\n<p class=\"has-text-align-center has-small-font-size\">Proudly powered by <a href=\"https:\/\/wordpress.org\" rel=\"nofollow noopener\" target=\"_blank\">WordPress<\/a> <\/p>\n<\/div><\/div>\n<\/div>\n<\/div>\n<\/div><\/div>\n<\/div><\/div>\n\n\n\n<p><\/p>\n\n\n\n<div class=\"wp-block-jetpack-related-posts\">\n<h2 class=\"wp-block-heading\"><strong>Relacionadas<\/strong><\/h2>\n<\/div>\n","protected":false},"excerpt":{"rendered":"<p>En el marco de la conmemoraci\u00f3n del 1\u00b0 de Mayo, el peronismo de Tigre realiz\u00f3 un acto en la localidad de El Talar con la presencia de dirigentes, organizaciones sindicales y vecinos. Durante su discurso, el intendente Julio Zamora enfatiz\u00f3 la necesidad de que las conducciones pol\u00edticas se definan a trav\u00e9s del voto de los afiliados y no mediante procesos judiciales. El jefe comunal se\u00f1al\u00f3 que se busca evitar una pol\u00edtica de designaciones directas, mencionando situaciones similares en la Universidad del Delta, y abog\u00f3 por un espacio que permita la participaci\u00f3n democr\u00e1tica real.<\/p>\n","protected":false},"author":2,"featured_media":24148,"comment_status":"open","ping_status":"open","sticky":false,"template":"","format":"standard","meta":{"jetpack_post_was_ever_published":false,"_jetpack_newsletter_access":"","_jetpack_dont_email_post_to_subs":false,"_jetpack_newsletter_tier_id":0,"_jetpack_memberships_contains_paywalled_content":false,"_jetpack_memberships_contains_paid_content":false,"footnotes":"","jetpack_publicize_message":"","jetpack_publicize_feature_enabled":true,"jetpack_social_post_already_shared":true,"jetpack_social_options":{"image_generator_settings":{"template":"highway","enabled":false},"version":2}},"categories":[417],"tags":[1478,1479,105,56,190,65],"class_list":["post-24145","post","type-post","status-publish","format-standard","has-post-thumbnail","hentry","category-encuentros","tag-1-de-mayo","tag-dia-del-trabajador","tag-el-talar","tag-julio-zamora","tag-pj-tigre","tag-tigre"],"jetpack_publicize_connections":[],"jetpack_featured_media_url":"https:\/\/tigredigital.com.ar\/noticias\/wp-content\/uploads\/2026\/05\/unnamed.jpg","jetpack_sharing_enabled":true,"jetpack_likes_enabled":true,"jetpack-related-posts":[{"id":23531,"url":"https:\/\/tigredigital.com.ar\/noticias\/julio-zamora-lanzamiento-lista-celeste-y-blanca-pj-tigre\/","url_meta":{"origin":24145,"position":0},"title":"Julio Zamora lanz\u00f3 la lista para el PJ de Tigre: \u00abNo nos pueden robar nuestro coraz\u00f3n peronista\u00bb","author":"Daniel Lowy","date":"28 febrero, 2026","format":false,"excerpt":"En un encendido acto en el Club Rinc\u00f3n, el intendente respald\u00f3 la candidatura de Mario Zamora tras la oficializaci\u00f3n judicial de la boleta \"Celeste y Blanca\". Hubo fuertes cr\u00edticas a la conducci\u00f3n del Partido Justicialista provincial y un llamado a la transparencia democr\u00e1tica","rel":"","context":"En \u00abPol\u00edtica\u00bb","block_context":{"text":"Pol\u00edtica","link":"https:\/\/tigredigital.com.ar\/noticias\/category\/politica\/"},"img":{"alt_text":"En un encendido acto en el Club Rinc\u00f3n, Julio Zamora lanz\u00f3 la lista para el PJ de Tigre","src":"https:\/\/i0.wp.com\/tigredigital.com.ar\/noticias\/wp-content\/uploads\/2026\/02\/PERONISMO-TIGRE-CLUB-RINCON.jpg?resize=350%2C200&ssl=1","width":350,"height":200,"srcset":"https:\/\/i0.wp.com\/tigredigital.com.ar\/noticias\/wp-content\/uploads\/2026\/02\/PERONISMO-TIGRE-CLUB-RINCON.jpg?resize=350%2C200&ssl=1 1x, https:\/\/i0.wp.com\/tigredigital.com.ar\/noticias\/wp-content\/uploads\/2026\/02\/PERONISMO-TIGRE-CLUB-RINCON.jpg?resize=525%2C300&ssl=1 1.5x, https:\/\/i0.wp.com\/tigredigital.com.ar\/noticias\/wp-content\/uploads\/2026\/02\/PERONISMO-TIGRE-CLUB-RINCON.jpg?resize=700%2C400&ssl=1 2x, https:\/\/i0.wp.com\/tigredigital.com.ar\/noticias\/wp-content\/uploads\/2026\/02\/PERONISMO-TIGRE-CLUB-RINCON.jpg?resize=1050%2C600&ssl=1 3x"},"classes":[]},{"id":22875,"url":"https:\/\/tigredigital.com.ar\/noticias\/en-el-marco-de-un-multitudinario-encuentro-por-el-dia-del-militante-julio-zamora-llamo-a-reflexionar-sobre-el-futuro-del-pj\/","url_meta":{"origin":24145,"position":1},"title":"En el marco de un multitudinario encuentro por el d\u00eda del militante, Julio Zamora llam\u00f3 a reflexionar sobre el futuro del PJ","author":"Daniel Lowy","date":"17 noviembre, 2025","format":false,"excerpt":"En la sede de la Uni\u00f3n de Sindicatos de la Industria Maderera de la Rep\u00fablica Argentina (USIMRA), el intendente Julio Zamora encabez\u00f3 el acto por el D\u00eda de la Militancia junto a dirigentes y seguidores del Partido Justicialista de Tigre. Durante el encuentro, destac\u00f3 que la palabra \"ajuste\" no est\u00e1\u2026","rel":"","context":"En \u00abPol\u00edtica\u00bb","block_context":{"text":"Pol\u00edtica","link":"https:\/\/tigredigital.com.ar\/noticias\/category\/politica\/"},"img":{"alt_text":"","src":"https:\/\/i0.wp.com\/tigredigital.com.ar\/noticias\/wp-content\/uploads\/2025\/11\/unnamed-10.jpg?resize=350%2C200&ssl=1","width":350,"height":200,"srcset":"https:\/\/i0.wp.com\/tigredigital.com.ar\/noticias\/wp-content\/uploads\/2025\/11\/unnamed-10.jpg?resize=350%2C200&ssl=1 1x, https:\/\/i0.wp.com\/tigredigital.com.ar\/noticias\/wp-content\/uploads\/2025\/11\/unnamed-10.jpg?resize=525%2C300&ssl=1 1.5x, https:\/\/i0.wp.com\/tigredigital.com.ar\/noticias\/wp-content\/uploads\/2025\/11\/unnamed-10.jpg?resize=700%2C400&ssl=1 2x, https:\/\/i0.wp.com\/tigredigital.com.ar\/noticias\/wp-content\/uploads\/2025\/11\/unnamed-10.jpg?resize=1050%2C600&ssl=1 3x"},"classes":[]},{"id":19274,"url":"https:\/\/tigredigital.com.ar\/noticias\/pj-tigre-tenemos-que-dejar-atras-este-tiempo-de-exclusion\/","url_meta":{"origin":24145,"position":2},"title":"PJ Tigre: \u00abTenemos que dejar atr\u00e1s este tiempo de exclusi\u00f3n\u00bb","author":"Daniel Lowy","date":"14 mayo, 2024","format":false,"excerpt":"El intendente Julio Zamora particip\u00f3 de una reuni\u00f3n en la sede del Partido justicialista local junto con militantes, el presidente del Partido Justicialista Lucas Gianella y el referente Carlos Gianella En la sede del Partido Justicialista de Tigre, el intendente Julio Zamora particip\u00f3 de una reuni\u00f3n dedicada a la reflexi\u00f3n\u2026","rel":"","context":"En \u00abEncuentros\u00bb","block_context":{"text":"Encuentros","link":"https:\/\/tigredigital.com.ar\/noticias\/category\/encuentros\/"},"img":{"alt_text":"","src":"https:\/\/i0.wp.com\/tigredigital.com.ar\/noticias\/wp-content\/uploads\/2024\/05\/PJ-1.jpg?resize=350%2C200&ssl=1","width":350,"height":200,"srcset":"https:\/\/i0.wp.com\/tigredigital.com.ar\/noticias\/wp-content\/uploads\/2024\/05\/PJ-1.jpg?resize=350%2C200&ssl=1 1x, https:\/\/i0.wp.com\/tigredigital.com.ar\/noticias\/wp-content\/uploads\/2024\/05\/PJ-1.jpg?resize=525%2C300&ssl=1 1.5x, https:\/\/i0.wp.com\/tigredigital.com.ar\/noticias\/wp-content\/uploads\/2024\/05\/PJ-1.jpg?resize=700%2C400&ssl=1 2x, https:\/\/i0.wp.com\/tigredigital.com.ar\/noticias\/wp-content\/uploads\/2024\/05\/PJ-1.jpg?resize=1050%2C600&ssl=1 3x"},"classes":[]},{"id":15991,"url":"https:\/\/tigredigital.com.ar\/noticias\/julio-zamora-en-el-dia-de-la-militancia-venimos-a-proponer-el-sueno-de-la-comunidad-de-vida\/","url_meta":{"origin":24145,"position":3},"title":"Julio Zamora en el D\u00eda de la Militancia: \u00ab\u00bbVenimos a proponer el sue\u00f1o de la comunidad de vida\u00bb","author":"Daniel Lowy","date":"19 noviembre, 2022","format":false,"excerpt":"El intendente Julio Zamora y la concejala Gisela Zamora compartieron la celebraci\u00f3n del D\u00eda del Militante con m\u00e1s de 5000 vecinos y vecinas en el Club Deportivo Tigre El intendente Julio Zamora y la concejala Gisela Zamora compartieron la celebraci\u00f3n del D\u00eda del Militante con m\u00e1s de 5000 vecinos y\u2026","rel":"","context":"En \u00abPol\u00edtica\u00bb","block_context":{"text":"Pol\u00edtica","link":"https:\/\/tigredigital.com.ar\/noticias\/category\/politica\/"},"img":{"alt_text":"","src":"https:\/\/i0.wp.com\/tigredigital.com.ar\/noticias\/wp-content\/uploads\/2022\/11\/unnamed-6-4.jpg?resize=350%2C200&ssl=1","width":350,"height":200,"srcset":"https:\/\/i0.wp.com\/tigredigital.com.ar\/noticias\/wp-content\/uploads\/2022\/11\/unnamed-6-4.jpg?resize=350%2C200&ssl=1 1x, https:\/\/i0.wp.com\/tigredigital.com.ar\/noticias\/wp-content\/uploads\/2022\/11\/unnamed-6-4.jpg?resize=525%2C300&ssl=1 1.5x, https:\/\/i0.wp.com\/tigredigital.com.ar\/noticias\/wp-content\/uploads\/2022\/11\/unnamed-6-4.jpg?resize=700%2C400&ssl=1 2x, https:\/\/i0.wp.com\/tigredigital.com.ar\/noticias\/wp-content\/uploads\/2022\/11\/unnamed-6-4.jpg?resize=1050%2C600&ssl=1 3x, https:\/\/i0.wp.com\/tigredigital.com.ar\/noticias\/wp-content\/uploads\/2022\/11\/unnamed-6-4.jpg?resize=1400%2C800&ssl=1 4x"},"classes":[]},{"id":17629,"url":"https:\/\/tigredigital.com.ar\/noticias\/el-pj-tigre-conmemoro-el-49-aniversario-del-fallecimiento-del-gral-peron\/","url_meta":{"origin":24145,"position":4},"title":"El PJ Tigre conmemor\u00f3 el 49\u00b0 aniversario del fallecimiento del Gral. Per\u00f3n","author":"Daniel Lowy","date":"3 julio, 2023","format":false,"excerpt":"El acto conmemorativo por el 49\u00b0 aniversario del fallecimiento de Juan Domingo Per\u00f3n se llev\u00f3 adelante en la esquina de Ruta 202 y colectora Panamericana en Don Torcuato donde se emplaza su busto Al cumplirse 49 a\u00f1os del paso a la inmortalidad del general Juan Domingo Per\u00f3n, el Partido Justicialista\u2026","rel":"","context":"En \u00abAniversarios\u00bb","block_context":{"text":"Aniversarios","link":"https:\/\/tigredigital.com.ar\/noticias\/category\/aniversarios\/"},"img":{"alt_text":"","src":"https:\/\/i0.wp.com\/tigredigital.com.ar\/noticias\/wp-content\/uploads\/2023\/07\/unnamed-10.jpg?resize=350%2C200&ssl=1","width":350,"height":200,"srcset":"https:\/\/i0.wp.com\/tigredigital.com.ar\/noticias\/wp-content\/uploads\/2023\/07\/unnamed-10.jpg?resize=350%2C200&ssl=1 1x, https:\/\/i0.wp.com\/tigredigital.com.ar\/noticias\/wp-content\/uploads\/2023\/07\/unnamed-10.jpg?resize=525%2C300&ssl=1 1.5x, https:\/\/i0.wp.com\/tigredigital.com.ar\/noticias\/wp-content\/uploads\/2023\/07\/unnamed-10.jpg?resize=700%2C400&ssl=1 2x, https:\/\/i0.wp.com\/tigredigital.com.ar\/noticias\/wp-content\/uploads\/2023\/07\/unnamed-10.jpg?resize=1050%2C600&ssl=1 3x, https:\/\/i0.wp.com\/tigredigital.com.ar\/noticias\/wp-content\/uploads\/2023\/07\/unnamed-10.jpg?resize=1400%2C800&ssl=1 4x"},"classes":[]},{"id":23622,"url":"https:\/\/tigredigital.com.ar\/noticias\/pj-de-tigre-crisis-fractura-y-corte-suprema\/","url_meta":{"origin":24145,"position":5},"title":"PJ de Tigre: Crisis, fractura y Corte Suprema","author":"Daniel Lowy","date":"12 marzo, 2026","format":false,"excerpt":"Tras un nuevo fallo de la Justicia Electoral ratificando la exclusi\u00f3n de la lista de Mario Zamora que deja el control del partido en manos del massismo, el sector del intendente Julio Zamora denunci\u00f3 una \"maniobra inaceptable y proscripci\u00f3n\" y llevar\u00e1 el reclamo ante la Corte Suprema de Justicia","rel":"","context":"En \u00abPol\u00edtica\u00bb","block_context":{"text":"Pol\u00edtica","link":"https:\/\/tigredigital.com.ar\/noticias\/category\/politica\/"},"img":{"alt_text":"La interna del Partido Justicialista de Tigre dio un giro determinante tras el fallo del juez federal con competencia electoral, Alejo Ramos Padilla. El magistrado revoc\u00f3 las resoluciones de la Junta Electoral partidaria que hab\u00edan dejado fuera de competencia a la lista vinculada al intendente Julio Zamora, ordenando su inmediata oficializaci\u00f3n","src":"https:\/\/i0.wp.com\/tigredigital.com.ar\/noticias\/wp-content\/uploads\/2026\/02\/ZAMORA-DUCO.jpg?resize=350%2C200&ssl=1","width":350,"height":200,"srcset":"https:\/\/i0.wp.com\/tigredigital.com.ar\/noticias\/wp-content\/uploads\/2026\/02\/ZAMORA-DUCO.jpg?resize=350%2C200&ssl=1 1x, https:\/\/i0.wp.com\/tigredigital.com.ar\/noticias\/wp-content\/uploads\/2026\/02\/ZAMORA-DUCO.jpg?resize=525%2C300&ssl=1 1.5x, https:\/\/i0.wp.com\/tigredigital.com.ar\/noticias\/wp-content\/uploads\/2026\/02\/ZAMORA-DUCO.jpg?resize=700%2C400&ssl=1 2x, https:\/\/i0.wp.com\/tigredigital.com.ar\/noticias\/wp-content\/uploads\/2026\/02\/ZAMORA-DUCO.jpg?resize=1050%2C600&ssl=1 3x"},"classes":[]}],"_links":{"self":[{"href":"https:\/\/tigredigital.com.ar\/noticias\/wp-json\/wp\/v2\/posts\/24145","targetHints":{"allow":["GET"]}}],"collection":[{"href":"https:\/\/tigredigital.com.ar\/noticias\/wp-json\/wp\/v2\/posts"}],"about":[{"href":"https:\/\/tigredigital.com.ar\/noticias\/wp-json\/wp\/v2\/types\/post"}],"author":[{"embeddable":true,"href":"https:\/\/tigredigital.com.ar\/noticias\/wp-json\/wp\/v2\/users\/2"}],"replies":[{"embeddable":true,"href":"https:\/\/tigredigital.com.ar\/noticias\/wp-json\/wp\/v2\/comments?post=24145"}],"version-history":[{"count":2,"href":"https:\/\/tigredigital.com.ar\/noticias\/wp-json\/wp\/v2\/posts\/24145\/revisions"}],"predecessor-version":[{"id":24151,"href":"https:\/\/tigredigital.com.ar\/noticias\/wp-json\/wp\/v2\/posts\/24145\/revisions\/24151"}],"wp:featuredmedia":[{"embeddable":true,"href":"https:\/\/tigredigital.com.ar\/noticias\/wp-json\/wp\/v2\/media\/24148"}],"wp:attachment":[{"href":"https:\/\/tigredigital.com.ar\/noticias\/wp-json\/wp\/v2\/media?parent=24145"}],"wp:term":[{"taxonomy":"category","embeddable":true,"href":"https:\/\/tigredigital.com.ar\/noticias\/wp-json\/wp\/v2\/categories?post=24145"},{"taxonomy":"post_tag","embeddable":true,"href":"https:\/\/tigredigital.com.ar\/noticias\/wp-json\/wp\/v2\/tags?post=24145"}],"curies":[{"name":"wp","href":"https:\/\/api.w.org\/{rel}","templated":true}]}}