{"id":24102,"date":"2026-04-29T11:40:49","date_gmt":"2026-04-29T14:40:49","guid":{"rendered":"https:\/\/tigredigital.com.ar\/noticias\/?p=24102"},"modified":"2026-04-29T12:20:44","modified_gmt":"2026-04-29T15:20:44","slug":"zamora-reclamo-internas-pj-tigre","status":"publish","type":"post","link":"https:\/\/tigredigital.com.ar\/noticias\/zamora-reclamo-internas-pj-tigre\/","title":{"rendered":"El sector que responde a Julio Zamora solicit\u00f3 la inmediata convocatoria a elecciones internas en el PJ de Tigre"},"content":{"rendered":"\n<h4 class=\"wp-block-heading\"><strong>A d\u00edas de que el sector encabezado por Samyn Duc\u00f3 asumiera la presidencia del PJ local, el espacio que responde al Intendente Zamora emiti\u00f3 un comunicado donde cuestiona la legitimidad de las actuales autoridades y exige un proceso electoral para definir la conducci\u00f3n partidaria<\/strong><\/h4>\n\n\n\n<!--more-->\n<!--noteaser-->\n\n\n\n<p>El sector del peronismo de Tigre alineado con el intendente Julio Zamora manifest\u00f3 formalmente su demanda de realizar elecciones internas en el <a href=\"https:\/\/tigredigital.com.ar\/noticias\/julio-zamora-lanzamiento-lista-celeste-y-blanca-pj-tigre\/\" target=\"_blank\" rel=\"noreferrer noopener\">Partido Justicialista (PJ)<\/a> local. A trav\u00e9s de un documento p\u00fablico, el espacio denunci\u00f3 la consolidaci\u00f3n de una estructura de autoridades que no ha surgido del voto directo de los afiliados. El comunicado sostiene que la actual conducci\u00f3n carece de la legitimidad pol\u00edtica necesaria al no haber transitado un proceso de selecci\u00f3n democr\u00e1tica dentro de las estructuras del partido en el distrito.<\/p>\n\n\n\n<h3 class=\"wp-block-heading\"><strong>Diferencias con la dirigencia local y antecedentes pol\u00edticos<\/strong><\/h3>\n\n\n\n<p>El documento oficial apunta de manera directa a la facci\u00f3n liderada por Luis Samyn. Los referentes del zamorismo se\u00f1alan que dicho sector pretende ejercer la representaci\u00f3n del PJ sin someterse a una <a href=\"https:\/\/tigredigital.com.ar\/noticias\/interna-pj-tigre-denuncia-mario-zamora-lista-celeste-blanca\/\" target=\"_blank\" rel=\"noreferrer noopener\">competencia electoral<\/a> previa. En este sentido, el comunicado remarca la importancia de la participaci\u00f3n de la militancia como mecanismo hist\u00f3rico para resolver las diferencias internas. Asimismo, el texto incluye cr\u00edticas hacia dirigentes que integraron gestiones anteriores, vincul\u00e1ndolos con la actual disputa por el control del aparato partidario en el municipio.<\/p>\n\n\n\n<p><\/p>\n\n\n<div class=\"wp-block-image\">\n<figure class=\"aligncenter size-large\"><a href=\"https:\/\/tigredigital.com.ar\/noticias\/wp-content\/uploads\/2026\/04\/642269057_1243611501195024_6137466947520472051_n.webp\"><img loading=\"lazy\" decoding=\"async\" width=\"1024\" height=\"683\" src=\"https:\/\/tigredigital.com.ar\/noticias\/wp-content\/uploads\/2026\/04\/642269057_1243611501195024_6137466947520472051_n-1024x683.webp\" alt=\"\" class=\"wp-image-24103\" srcset=\"https:\/\/tigredigital.com.ar\/noticias\/wp-content\/uploads\/2026\/04\/642269057_1243611501195024_6137466947520472051_n-1024x683.webp 1024w, https:\/\/tigredigital.com.ar\/noticias\/wp-content\/uploads\/2026\/04\/642269057_1243611501195024_6137466947520472051_n-300x200.webp 300w, https:\/\/tigredigital.com.ar\/noticias\/wp-content\/uploads\/2026\/04\/642269057_1243611501195024_6137466947520472051_n-768x512.webp 768w, https:\/\/tigredigital.com.ar\/noticias\/wp-content\/uploads\/2026\/04\/642269057_1243611501195024_6137466947520472051_n-1536x1024.webp 1536w, https:\/\/tigredigital.com.ar\/noticias\/wp-content\/uploads\/2026\/04\/642269057_1243611501195024_6137466947520472051_n.webp 1600w\" sizes=\"auto, (max-width: 767px) 89vw, (max-width: 1000px) 54vw, (max-width: 1071px) 543px, 580px\" \/><\/a><figcaption class=\"wp-element-caption\"><strong>El sector que responde a por Julio Zamora solicit\u00f3 la inmediata convocatoria a elecciones internas en el PJ de Tigre<\/strong><\/figcaption><\/figure>\n<\/div>\n\n\n<p><\/p>\n\n\n\n<h3 class=\"wp-block-heading\"><strong>Pedido de intervenci\u00f3n a las autoridades provinciales<\/strong><\/h3>\n\n\n\n<p>Ante la situaci\u00f3n de acefal\u00eda o falta de legitimidad denunciada, el espacio que responde al jefe comunal inst\u00f3 a las autoridades del Partido Justicialista de la Provincia de Buenos Aires a convocar de manera urgente a<a href=\"https:\/\/tigredigital.com.ar\/noticias\/pj-de-tigre-crisis-fractura-y-corte-suprema\/\" target=\"_blank\" rel=\"noreferrer noopener\"> elecciones internas<\/a> abiertas. El objetivo planteado es garantizar que la conducci\u00f3n local cuente con el respaldo de las urnas. El comunicado finaliza apelando a la premisa org\u00e1nica del movimiento que establece que la gesti\u00f3n de la estructura debe quedar bajo la responsabilidad de quien obtenga la victoria en un proceso electoral transparente.<\/p>\n\n\n\n<h3 class=\"wp-block-heading\"><strong>\u201cEl dedo y la cobard\u00eda no pueden marcar la historia del peronismo de Tigre\u201d<\/strong><\/h3>\n\n\n\n<p>La dura posici\u00f3n del zamorismo qued\u00f3 claramente expresada con el siguiente comunicado: <\/p>\n\n\n\n<p>\u201cEl dedo y la cobard\u00eda no pueden marcar la historia del peronismo de Tigre\u00bb<\/p>\n\n\n\n<p>\u201cCon un nuevo golpe a la vida interna del peronismo local, el massismo decidi\u00f3 imponer a dedo a un grupo de afiliados como supuesta conducci\u00f3n partidaria. Este espacio, encabezado por Luis Zamyn, pretende erigirse como autoridad del PJ sin haber demostrado la valent\u00eda m\u00ednima de someterse a un proceso de elecciones internas.<\/p>\n\n\n\n<p>El peronismo de Tigre, con su historia de victorias y derrotas, con cuadros destacados y tambi\u00e9n con quienes dejaron su vida por la causa, con intendentes y concejales que dieron la cara, nunca hab\u00eda atravesado una situaci\u00f3n como esta: dirigentes que eluden su responsabilidad pol\u00edtica, refugi\u00e1ndose en maniobras judiciales por falta de coraje.<\/p>\n\n\n\n<p>Por eso, tristemente, este episodio quedar\u00e1 registrado en la historia.<\/p>\n\n\n\n<p>No es casual, que sin reconocimiento de la militancia ni de los simpatizantes, hayan tenido que irrumpir en un local partidario para intentar construir una legitimidad que no poseen ni poseeran. En ese acto, adem\u00e1s, representantes de uno de los peores gobiernos de la democracia, lejos de hacer autocr\u00edtica, asumieron un rol protag\u00f3nico criticando la gesti\u00f3n municipal.<\/p>\n\n\n\n<p><\/p>\n\n\n<div class=\"wp-block-image\">\n<figure class=\"aligncenter size-large\"><a href=\"https:\/\/tigredigital.com.ar\/noticias\/wp-content\/uploads\/2026\/04\/snapshot3-4.png\"><img loading=\"lazy\" decoding=\"async\" width=\"1024\" height=\"576\" src=\"https:\/\/tigredigital.com.ar\/noticias\/wp-content\/uploads\/2026\/04\/snapshot3-4-1024x576.png\" alt=\"\" class=\"wp-image-24104\" srcset=\"https:\/\/tigredigital.com.ar\/noticias\/wp-content\/uploads\/2026\/04\/snapshot3-4-1024x576.png 1024w, https:\/\/tigredigital.com.ar\/noticias\/wp-content\/uploads\/2026\/04\/snapshot3-4-300x169.png 300w, https:\/\/tigredigital.com.ar\/noticias\/wp-content\/uploads\/2026\/04\/snapshot3-4-768x432.png 768w, https:\/\/tigredigital.com.ar\/noticias\/wp-content\/uploads\/2026\/04\/snapshot3-4.png 1281w\" sizes=\"auto, (max-width: 767px) 89vw, (max-width: 1000px) 54vw, (max-width: 1071px) 543px, 580px\" \/><\/a><figcaption class=\"wp-element-caption\"><strong>A d\u00edas de que el sector encabezado por Samyn Duc\u00f3 asumiera la presidencia del PJ local, el espacio que responde al Intendente Zamora emiti\u00f3 un comunicado donde cuestiona la legitimidad de las actuales autoridades<\/strong><\/figcaption><\/figure>\n<\/div>\n\n\n<p><\/p>\n\n\n\n<p>Los gestos de cobard\u00eda pol\u00edtica no tienen soluci\u00f3n f\u00e1cil: dejan marcas que no se borran. Sin embargo, como peronismo de Tigre, entendemos que esta situaci\u00f3n no puede quedar as\u00ed. Debe resolverse con urgencia para que la conducta de unos pocos no manche a una fuerza pol\u00edtica con una historia tan profunda.<\/p>\n\n\n\n<p>Por eso exigimos a las autoridades partidarias de la provincia de Buenos Aires que convoque de manera inmediata a elecciones internas abiertas, para que todos los justicialistas puedan elegir una conducci\u00f3n leg\u00edtima.<\/p>\n\n\n\n<p>Reci\u00e9n entonces se cumplir\u00e1 la regla fundamental: el que gana conduce y el que pierde acompa\u00f1a.\u00bb<\/p>\n\n\n\n<p>Peronismo de Tigre<\/p>\n\n\n\n<h2 class=\"wp-block-heading\"><strong>Autor<\/strong><\/h2>\n\n\n\n<div class=\"wp-block-media-text is-stacked-on-mobile is-vertically-aligned-top\" style=\"grid-template-columns:15% auto\"><figure class=\"wp-block-media-text__media\"><img loading=\"lazy\" decoding=\"async\" width=\"358\" height=\"460\" src=\"https:\/\/tigredigital.com.ar\/noticias\/wp-content\/uploads\/2026\/02\/Gemini_Generated_Image_vviqdfvviqdfvviq.png\" alt=\"\" class=\"wp-image-23337 size-thumbnail\" srcset=\"https:\/\/tigredigital.com.ar\/noticias\/wp-content\/uploads\/2026\/02\/Gemini_Generated_Image_vviqdfvviqdfvviq.png 358w, https:\/\/tigredigital.com.ar\/noticias\/wp-content\/uploads\/2026\/02\/Gemini_Generated_Image_vviqdfvviqdfvviq-233x300.png 233w\" sizes=\"auto, (max-width: 358px) 100vw, 358px\" \/><\/figure><div class=\"wp-block-media-text__content\">\n<h4 class=\"wp-block-heading\"><strong>Daniel Lowy<\/strong><\/h4>\n\n\n\n<p>Director General, editor y responsable editorial del portal digital de noticias \u00abTigre Digital Noticias\u00bb<\/p>\n\n\n\n<p>&#8212;&#8212;&#8212;&#8212;&#8212;&#8212;&#8212;&#8212;&#8212;&#8212;&#8212;&#8212;&#8212;&#8212;&#8212;&#8212;&#8212;&#8212;&#8212;&#8212;&#8211;<\/p>\n<\/div><\/div>\n\n\n\n<p><\/p>\n\n\n<div class=\"wp-block-image\">\n<figure class=\"aligncenter size-full is-resized\"><a href=\"https:\/\/tigredigital.com.ar\/noticias\/wp-content\/uploads\/2026\/04\/GIF-TIGRE-ES-SEGURIDAD-2026-700X700.gif\"><img loading=\"lazy\" decoding=\"async\" width=\"700\" height=\"700\" src=\"https:\/\/tigredigital.com.ar\/noticias\/wp-content\/uploads\/2026\/04\/GIF-TIGRE-ES-SEGURIDAD-2026-700X700.gif\" alt=\"\" class=\"wp-image-23831\" style=\"width:504px;height:auto\"\/><\/a><\/figure>\n<\/div>\n\n\n<p><\/p>\n\n\n\n<h2 class=\"wp-block-heading\"><strong>M\u00e1s Noticias<\/strong><\/h2>\n\n\n<ul class=\"wp-block-latest-posts__list is-grid columns-2 has-author aligncenter wp-block-latest-posts\"><li><div class=\"wp-block-latest-posts__featured-image aligncenter\"><a href=\"https:\/\/tigredigital.com.ar\/noticias\/violento-choque-entre-un-auto-y-una-moto-en-rincon-de-milberg\/\" aria-label=\"Violento choque entre un auto y una moto en Rinc\u00f3n de Milberg\"><img loading=\"lazy\" decoding=\"async\" width=\"300\" height=\"169\" src=\"https:\/\/tigredigital.com.ar\/noticias\/wp-content\/uploads\/2026\/05\/snapshot8-300x169.png\" class=\"attachment-medium size-medium wp-post-image\" alt=\"\" style=\"\" srcset=\"https:\/\/tigredigital.com.ar\/noticias\/wp-content\/uploads\/2026\/05\/snapshot8-300x169.png 300w, https:\/\/tigredigital.com.ar\/noticias\/wp-content\/uploads\/2026\/05\/snapshot8-1024x576.png 1024w, https:\/\/tigredigital.com.ar\/noticias\/wp-content\/uploads\/2026\/05\/snapshot8-768x432.png 768w, https:\/\/tigredigital.com.ar\/noticias\/wp-content\/uploads\/2026\/05\/snapshot8.png 1280w\" sizes=\"auto, 100vw\" \/><\/a><\/div><a class=\"wp-block-latest-posts__post-title\" href=\"https:\/\/tigredigital.com.ar\/noticias\/violento-choque-entre-un-auto-y-una-moto-en-rincon-de-milberg\/\">Violento choque entre un auto y una moto en Rinc\u00f3n de Milberg<\/a><div class=\"wp-block-latest-posts__post-author\">por Daniel Lowy<\/div><\/li>\n<li><div class=\"wp-block-latest-posts__featured-image aligncenter\"><a href=\"https:\/\/tigredigital.com.ar\/noticias\/julio-zamora-acto-peronismo-dia-trabajador-talar\/\" aria-label=\"Julio Zamora encabez\u00f3 un encuentro con la militancia por el D\u00eda del Trabajador en El Talar\"><img loading=\"lazy\" decoding=\"async\" width=\"300\" height=\"200\" src=\"https:\/\/tigredigital.com.ar\/noticias\/wp-content\/uploads\/2026\/05\/unnamed-300x200.jpg\" class=\"attachment-medium size-medium wp-post-image\" alt=\"El Peronismo de Tigre realiz\u00f3 un multitudinario acto por el D\u00eda del Trabajador, encabezado por el intendente Julio Zamora. All\u00ed, brind\u00f3 un mensaje enfocado en recuperar la historia, reorganizarse para defender a los sectores m\u00e1s vulnerables y cuestion\u00f3 a quienes act\u00faan de manera contradictoria cuando son oposici\u00f3n.\" style=\"\" srcset=\"https:\/\/tigredigital.com.ar\/noticias\/wp-content\/uploads\/2026\/05\/unnamed-300x200.jpg 300w, https:\/\/tigredigital.com.ar\/noticias\/wp-content\/uploads\/2026\/05\/unnamed-1024x682.jpg 1024w, https:\/\/tigredigital.com.ar\/noticias\/wp-content\/uploads\/2026\/05\/unnamed-768x512.jpg 768w, https:\/\/tigredigital.com.ar\/noticias\/wp-content\/uploads\/2026\/05\/unnamed-1536x1023.jpg 1536w, https:\/\/tigredigital.com.ar\/noticias\/wp-content\/uploads\/2026\/05\/unnamed.jpg 1600w\" sizes=\"auto, 100vw\" \/><\/a><\/div><a class=\"wp-block-latest-posts__post-title\" href=\"https:\/\/tigredigital.com.ar\/noticias\/julio-zamora-acto-peronismo-dia-trabajador-talar\/\">Julio Zamora encabez\u00f3 un encuentro con la militancia por el D\u00eda del Trabajador en El Talar<\/a><div class=\"wp-block-latest-posts__post-author\">por Daniel Lowy<\/div><\/li>\n<li><div class=\"wp-block-latest-posts__featured-image aligncenter\"><a href=\"https:\/\/tigredigital.com.ar\/noticias\/el-tigre-boat-club-inauguro-su-guarderia-nautica\/\" aria-label=\"El Tigre Boat Club inaugur\u00f3 su guarder\u00eda n\u00e1utica\"><img loading=\"lazy\" decoding=\"async\" width=\"300\" height=\"200\" src=\"https:\/\/tigredigital.com.ar\/noticias\/wp-content\/uploads\/2026\/05\/unnamed-2-300x200.jpg\" class=\"attachment-medium size-medium wp-post-image\" alt=\"El nuevo galp\u00f3n n\u00e1utico del TBC est\u00e1 ubicado en la Pista nacional de Remos y Canotaje\" style=\"\" srcset=\"https:\/\/tigredigital.com.ar\/noticias\/wp-content\/uploads\/2026\/05\/unnamed-2-300x200.jpg 300w, https:\/\/tigredigital.com.ar\/noticias\/wp-content\/uploads\/2026\/05\/unnamed-2-1024x683.jpg 1024w, https:\/\/tigredigital.com.ar\/noticias\/wp-content\/uploads\/2026\/05\/unnamed-2-768x512.jpg 768w, https:\/\/tigredigital.com.ar\/noticias\/wp-content\/uploads\/2026\/05\/unnamed-2-1536x1024.jpg 1536w, https:\/\/tigredigital.com.ar\/noticias\/wp-content\/uploads\/2026\/05\/unnamed-2.jpg 1620w\" sizes=\"auto, 100vw\" \/><\/a><\/div><a class=\"wp-block-latest-posts__post-title\" href=\"https:\/\/tigredigital.com.ar\/noticias\/el-tigre-boat-club-inauguro-su-guarderia-nautica\/\">El Tigre Boat Club inaugur\u00f3 su guarder\u00eda n\u00e1utica<\/a><div class=\"wp-block-latest-posts__post-author\">por Daniel Lowy<\/div><\/li>\n<li><div class=\"wp-block-latest-posts__featured-image aligncenter\"><a href=\"https:\/\/tigredigital.com.ar\/noticias\/julio-zamora-charla-dia-trabajador-mat\/\" aria-label=\"Julio Zamora encabez\u00f3 un encuentro sobre la historia y el futuro del empleo en el Museo de Arte Tigre\"><img loading=\"lazy\" decoding=\"async\" width=\"300\" height=\"200\" src=\"https:\/\/tigredigital.com.ar\/noticias\/wp-content\/uploads\/2026\/04\/6-300x200.jpg\" class=\"attachment-medium size-medium wp-post-image\" alt=\"\" style=\"\" srcset=\"https:\/\/tigredigital.com.ar\/noticias\/wp-content\/uploads\/2026\/04\/6-300x200.jpg 300w, https:\/\/tigredigital.com.ar\/noticias\/wp-content\/uploads\/2026\/04\/6-1024x683.jpg 1024w, https:\/\/tigredigital.com.ar\/noticias\/wp-content\/uploads\/2026\/04\/6-768x512.jpg 768w, https:\/\/tigredigital.com.ar\/noticias\/wp-content\/uploads\/2026\/04\/6.jpg 1500w\" sizes=\"auto, 100vw\" \/><\/a><\/div><a class=\"wp-block-latest-posts__post-title\" href=\"https:\/\/tigredigital.com.ar\/noticias\/julio-zamora-charla-dia-trabajador-mat\/\">Julio Zamora encabez\u00f3 un encuentro sobre la historia y el futuro del empleo en el Museo de Arte Tigre<\/a><div class=\"wp-block-latest-posts__post-author\">por Daniel Lowy<\/div><\/li>\n<li><div class=\"wp-block-latest-posts__featured-image aligncenter\"><a href=\"https:\/\/tigredigital.com.ar\/noticias\/taller-inclusion-digital-adultos-mayores-ricardo-rojas\/\" aria-label=\"Los adultos mayores de Ricardo Rojas se sumaron a una nueva capacitaci\u00f3n en tecnolog\u00eda\"><img loading=\"lazy\" decoding=\"async\" width=\"300\" height=\"175\" src=\"https:\/\/tigredigital.com.ar\/noticias\/wp-content\/uploads\/2026\/04\/unnamed-300x175.png\" class=\"attachment-medium size-medium wp-post-image\" alt=\"El Gobierno local realiz\u00f3 una jornada de capacitaci\u00f3n en el Polideportivo de Ricardo Rojas, donde se brindaron herramientas pr\u00e1cticas para el uso de celulares, la realizaci\u00f3n de tr\u00e1mites online y la navegaci\u00f3n segura en internet.\" style=\"\" srcset=\"https:\/\/tigredigital.com.ar\/noticias\/wp-content\/uploads\/2026\/04\/unnamed-300x175.png 300w, https:\/\/tigredigital.com.ar\/noticias\/wp-content\/uploads\/2026\/04\/unnamed-1024x597.png 1024w, https:\/\/tigredigital.com.ar\/noticias\/wp-content\/uploads\/2026\/04\/unnamed-768x448.png 768w, https:\/\/tigredigital.com.ar\/noticias\/wp-content\/uploads\/2026\/04\/unnamed.png 1200w\" sizes=\"auto, 100vw\" \/><\/a><\/div><a class=\"wp-block-latest-posts__post-title\" href=\"https:\/\/tigredigital.com.ar\/noticias\/taller-inclusion-digital-adultos-mayores-ricardo-rojas\/\">Los adultos mayores de Ricardo Rojas se sumaron a una nueva capacitaci\u00f3n en tecnolog\u00eda<\/a><div class=\"wp-block-latest-posts__post-author\">por Daniel Lowy<\/div><\/li>\n<li><div class=\"wp-block-latest-posts__featured-image aligncenter\"><a href=\"https:\/\/tigredigital.com.ar\/noticias\/zamora-reclamo-internas-pj-tigre\/\" aria-label=\"El sector que responde a Julio Zamora solicit\u00f3 la inmediata convocatoria a elecciones internas en el PJ de Tigre\"><img loading=\"lazy\" decoding=\"async\" width=\"300\" height=\"200\" src=\"https:\/\/tigredigital.com.ar\/noticias\/wp-content\/uploads\/2026\/04\/unnamed-12-300x200.jpg\" class=\"attachment-medium size-medium wp-post-image\" alt=\"\" style=\"\" srcset=\"https:\/\/tigredigital.com.ar\/noticias\/wp-content\/uploads\/2026\/04\/unnamed-12-300x200.jpg 300w, https:\/\/tigredigital.com.ar\/noticias\/wp-content\/uploads\/2026\/04\/unnamed-12-1024x683.jpg 1024w, https:\/\/tigredigital.com.ar\/noticias\/wp-content\/uploads\/2026\/04\/unnamed-12-768x512.jpg 768w, https:\/\/tigredigital.com.ar\/noticias\/wp-content\/uploads\/2026\/04\/unnamed-12-1536x1024.jpg 1536w, https:\/\/tigredigital.com.ar\/noticias\/wp-content\/uploads\/2026\/04\/unnamed-12.jpg 1620w\" sizes=\"auto, 100vw\" \/><\/a><\/div><a class=\"wp-block-latest-posts__post-title\" href=\"https:\/\/tigredigital.com.ar\/noticias\/zamora-reclamo-internas-pj-tigre\/\">El sector que responde a Julio Zamora solicit\u00f3 la inmediata convocatoria a elecciones internas en el PJ de Tigre<\/a><div class=\"wp-block-latest-posts__post-author\">por Daniel Lowy<\/div><\/li>\n<li><div class=\"wp-block-latest-posts__featured-image aligncenter\"><a href=\"https:\/\/tigredigital.com.ar\/noticias\/detencion-arma-drogas-don-torcuato\/\" aria-label=\"Detenci\u00f3n de dos personas con armamento y estupefacientes tras un incidente vial en Don Torcuato\"><img loading=\"lazy\" decoding=\"async\" width=\"300\" height=\"169\" src=\"https:\/\/tigredigital.com.ar\/noticias\/wp-content\/uploads\/2026\/04\/snapshot1-5-300x169.png\" class=\"attachment-medium size-medium wp-post-image\" alt=\"Todo comenz\u00f3 cuando una moto con dos ocupantes choc\u00f3 a un peat\u00f3n en plena tarde. El hecho fue detectado por un t\u00f3tem del Centro de Operaciones Tigre, lo que deriv\u00f3 en un operativo: quienes conduc\u00edan el rodado fueron detenidos luego de la identificaci\u00f3n de las fuerzas de seguridad.\" style=\"\" srcset=\"https:\/\/tigredigital.com.ar\/noticias\/wp-content\/uploads\/2026\/04\/snapshot1-5-300x169.png 300w, https:\/\/tigredigital.com.ar\/noticias\/wp-content\/uploads\/2026\/04\/snapshot1-5-1024x576.png 1024w, https:\/\/tigredigital.com.ar\/noticias\/wp-content\/uploads\/2026\/04\/snapshot1-5-768x432.png 768w, https:\/\/tigredigital.com.ar\/noticias\/wp-content\/uploads\/2026\/04\/snapshot1-5-1536x864.png 1536w, https:\/\/tigredigital.com.ar\/noticias\/wp-content\/uploads\/2026\/04\/snapshot1-5.png 1920w\" sizes=\"auto, 100vw\" \/><\/a><\/div><a class=\"wp-block-latest-posts__post-title\" href=\"https:\/\/tigredigital.com.ar\/noticias\/detencion-arma-drogas-don-torcuato\/\">Detenci\u00f3n de dos personas con armamento y estupefacientes tras un incidente vial en Don Torcuato<\/a><div class=\"wp-block-latest-posts__post-author\">por Daniel Lowy<\/div><\/li>\n<li><div class=\"wp-block-latest-posts__featured-image aligncenter\"><a href=\"https:\/\/tigredigital.com.ar\/noticias\/tigre-aprueba-ordenanza-limites-altura-urbana\/\" aria-label=\"Tigre establece l\u00edmites a las alturas mediante una nueva ordenanza de ordenamiento urbano\"><img loading=\"lazy\" decoding=\"async\" width=\"300\" height=\"169\" src=\"https:\/\/tigredigital.com.ar\/noticias\/wp-content\/uploads\/2026\/04\/2008_009-300x169.jpg\" class=\"attachment-medium size-medium wp-post-image\" alt=\"\" style=\"\" srcset=\"https:\/\/tigredigital.com.ar\/noticias\/wp-content\/uploads\/2026\/04\/2008_009-300x169.jpg 300w, https:\/\/tigredigital.com.ar\/noticias\/wp-content\/uploads\/2026\/04\/2008_009-1024x576.jpg 1024w, https:\/\/tigredigital.com.ar\/noticias\/wp-content\/uploads\/2026\/04\/2008_009-768x432.jpg 768w, https:\/\/tigredigital.com.ar\/noticias\/wp-content\/uploads\/2026\/04\/2008_009.jpg 1280w\" sizes=\"auto, 100vw\" \/><\/a><\/div><a class=\"wp-block-latest-posts__post-title\" href=\"https:\/\/tigredigital.com.ar\/noticias\/tigre-aprueba-ordenanza-limites-altura-urbana\/\">Tigre establece l\u00edmites a las alturas mediante una nueva ordenanza de ordenamiento urbano<\/a><div class=\"wp-block-latest-posts__post-author\">por Daniel Lowy<\/div><\/li>\n<li><div class=\"wp-block-latest-posts__featured-image aligncenter\"><a href=\"https:\/\/tigredigital.com.ar\/noticias\/apertura-distrital-2026-scouts-tigre-pacheco\/\" aria-label=\"En General Pacheco, grupos scouts de Tigre formalizaron la apertura para sus actividades de este a\u00f1o\"><img loading=\"lazy\" decoding=\"async\" width=\"300\" height=\"200\" src=\"https:\/\/tigredigital.com.ar\/noticias\/wp-content\/uploads\/2026\/04\/unnamed-3-1-300x200.jpg\" class=\"attachment-medium size-medium wp-post-image\" alt=\"\" style=\"\" srcset=\"https:\/\/tigredigital.com.ar\/noticias\/wp-content\/uploads\/2026\/04\/unnamed-3-1-300x200.jpg 300w, https:\/\/tigredigital.com.ar\/noticias\/wp-content\/uploads\/2026\/04\/unnamed-3-1-1024x683.jpg 1024w, https:\/\/tigredigital.com.ar\/noticias\/wp-content\/uploads\/2026\/04\/unnamed-3-1-768x512.jpg 768w, https:\/\/tigredigital.com.ar\/noticias\/wp-content\/uploads\/2026\/04\/unnamed-3-1-1536x1024.jpg 1536w, https:\/\/tigredigital.com.ar\/noticias\/wp-content\/uploads\/2026\/04\/unnamed-3-1.jpg 1620w\" sizes=\"auto, 100vw\" \/><\/a><\/div><a class=\"wp-block-latest-posts__post-title\" href=\"https:\/\/tigredigital.com.ar\/noticias\/apertura-distrital-2026-scouts-tigre-pacheco\/\">En General Pacheco, grupos scouts de Tigre formalizaron la apertura para sus actividades de este a\u00f1o<\/a><div class=\"wp-block-latest-posts__post-author\">por Daniel Lowy<\/div><\/li>\n<li><div class=\"wp-block-latest-posts__featured-image aligncenter\"><a href=\"https:\/\/tigredigital.com.ar\/noticias\/municipio-tigre-inicia-programa-emprendedoras-rodantes\/\" aria-label=\"Comenz\u00f3 en Tigre el programa municipal de capacitaci\u00f3n \u00abEmprendedoras Rodantes\u00bb\"><img loading=\"lazy\" decoding=\"async\" width=\"300\" height=\"180\" src=\"https:\/\/tigredigital.com.ar\/noticias\/wp-content\/uploads\/2026\/04\/EMPRENDEDORAS-RODANTES-300x180.jpg\" class=\"attachment-medium size-medium wp-post-image\" alt=\"Emprendedoras Rodantes es un programa impulsado por el Municipio de Tigre que busca fortalecer la autonom\u00eda econ\u00f3mica de las mujeres del distrito a trav\u00e9s de la formaci\u00f3n en oficios y microemprendimientos\" style=\"\" srcset=\"https:\/\/tigredigital.com.ar\/noticias\/wp-content\/uploads\/2026\/04\/EMPRENDEDORAS-RODANTES-300x180.jpg 300w, https:\/\/tigredigital.com.ar\/noticias\/wp-content\/uploads\/2026\/04\/EMPRENDEDORAS-RODANTES-1024x614.jpg 1024w, https:\/\/tigredigital.com.ar\/noticias\/wp-content\/uploads\/2026\/04\/EMPRENDEDORAS-RODANTES-768x461.jpg 768w, https:\/\/tigredigital.com.ar\/noticias\/wp-content\/uploads\/2026\/04\/EMPRENDEDORAS-RODANTES.jpg 1200w\" sizes=\"auto, 100vw\" \/><\/a><\/div><a class=\"wp-block-latest-posts__post-title\" href=\"https:\/\/tigredigital.com.ar\/noticias\/municipio-tigre-inicia-programa-emprendedoras-rodantes\/\">Comenz\u00f3 en Tigre el programa municipal de capacitaci\u00f3n \u00abEmprendedoras Rodantes\u00bb<\/a><div class=\"wp-block-latest-posts__post-author\">por Daniel Lowy<\/div><\/li>\n<\/ul>\n\n\n<p><\/p>\n\n\n\n<div class=\"wp-block-cover is-light\"><span aria-hidden=\"true\" class=\"wp-block-cover__background has-background-dim\"><\/span><img loading=\"lazy\" decoding=\"async\" width=\"480\" height=\"500\" class=\"wp-block-cover__image-background wp-image-18331\" alt=\"\" src=\"https:\/\/tigredigital.com.ar\/noticias\/wp-content\/uploads\/2023\/11\/LOGO-TIGRE-DIGITAL-CIRCULO.png\" data-object-fit=\"cover\" srcset=\"https:\/\/tigredigital.com.ar\/noticias\/wp-content\/uploads\/2023\/11\/LOGO-TIGRE-DIGITAL-CIRCULO.png 480w, https:\/\/tigredigital.com.ar\/noticias\/wp-content\/uploads\/2023\/11\/LOGO-TIGRE-DIGITAL-CIRCULO-288x300.png 288w\" sizes=\"auto, (max-width: 480px) 100vw, 480px\" \/><div class=\"wp-block-cover__inner-container is-layout-flow wp-block-cover-is-layout-flow\">\n<div class=\"wp-block-group\"><div class=\"wp-block-group__inner-container is-layout-constrained wp-block-group-is-layout-constrained\">\n<div class=\"wp-block-columns is-layout-flex wp-container-core-columns-is-layout-9d6595d7 wp-block-columns-is-layout-flex\">\n<div class=\"wp-block-column is-layout-flow wp-block-column-is-layout-flow\" style=\"flex-basis:100%\">\n<div class=\"wp-block-group alignfull has-background-color has-white-color has-black-background-color has-text-color has-background has-link-color wp-elements-37ea6134c40452122b721bb912a37805\" style=\"min-height:40vh;margin-top:0;margin-bottom:0;padding-top:var(--wp--preset--spacing--60);padding-right:var(--wp--preset--spacing--40);padding-bottom:var(--wp--preset--spacing--60);padding-left:var(--wp--preset--spacing--40)\"><div class=\"wp-block-group__inner-container is-layout-constrained wp-container-core-group-is-layout-27c39f3e wp-block-group-is-layout-constrained\">\n<div class=\"wp-block-columns alignwide has-small-font-size is-layout-flex wp-container-core-columns-is-layout-9d6595d7 wp-block-columns-is-layout-flex\">\n<div class=\"wp-block-column is-layout-flow wp-block-column-is-layout-flow\">\n<p class=\"has-text-align-center\">(1648) Tigre<\/p>\n\n\n\n<p class=\"has-text-align-center\">Buenos Aires<\/p>\n\n\n\n<p class=\"has-text-align-center\">Argentina<\/p>\n\n\n\n<div style=\"height:24px\" aria-hidden=\"true\" class=\"wp-block-spacer\"><\/div>\n<\/div>\n\n\n\n<div class=\"wp-block-column is-vertically-aligned-stretch is-layout-flow wp-block-column-is-layout-flow\">\n<p class=\"has-text-align-center\">Comunicate con nosotros:<\/p>\n\n\n\n<p class=\"has-text-align-center\"><a href=\"contacto@tigredigital.com.ar\" target=\"_blank\" rel=\"noreferrer noopener\">contacto@tigredigital.com.ar<\/a><\/p>\n\n\n<div class=\"wp-block-image\">\n<figure class=\"aligncenter size-full is-resized\"><a href=\"https:\/\/tigredigital.com.ar\/noticias\/\" target=\"_blank\" rel=\"noreferrer noopener\"><img loading=\"lazy\" decoding=\"async\" width=\"480\" height=\"500\" src=\"https:\/\/tigredigital.com.ar\/noticias\/wp-content\/uploads\/2023\/11\/LOGO-TIGRE-DIGITAL-CIRCULO-1.png\" alt=\"\" class=\"wp-image-18332\" style=\"width:98px;height:auto\" srcset=\"https:\/\/tigredigital.com.ar\/noticias\/wp-content\/uploads\/2023\/11\/LOGO-TIGRE-DIGITAL-CIRCULO-1.png 480w, https:\/\/tigredigital.com.ar\/noticias\/wp-content\/uploads\/2023\/11\/LOGO-TIGRE-DIGITAL-CIRCULO-1-288x300.png 288w\" sizes=\"auto, (max-width: 480px) 100vw, 480px\" \/><\/a><\/figure>\n<\/div>\n\n\n<div style=\"height:24px\" aria-hidden=\"true\" class=\"wp-block-spacer\"><\/div>\n<\/div>\n\n\n\n<div class=\"wp-block-column is-layout-flow wp-block-column-is-layout-flow\">\n<p class=\"has-text-align-center\">Adem\u00e1s pod\u00e9s  seguirnos en<\/p>\n\n\n\n<p class=\"has-text-align-center\">nuestras redes sociales:<\/p>\n\n\n\n<div class=\"wp-block-group is-vertical is-content-justification-center is-layout-flex wp-container-core-group-is-layout-bdd043ae wp-block-group-is-layout-flex\">\n<p><a href=\"https:\/\/www.facebook.com\/tigredigital\/\" target=\"_blank\" rel=\"noreferrer noopener\">Facebook<\/a><\/p>\n\n\n\n<p><a href=\"https:\/\/www.instagram.com\/tigredigitalnoticias\/\" target=\"_blank\" rel=\"noreferrer noopener\">Instagram<\/a><\/p>\n\n\n\n<p><a href=\"https:\/\/twitter.com\/digital_tigre\" target=\"_blank\" rel=\"noreferrer noopener\">Twitter<\/a><\/p>\n\n\n\n<p><a href=\"https:\/\/www.youtube.com\/channel\/UC26DeuIB96yC2vbePmuFH5A\" target=\"_blank\" rel=\"noreferrer noopener\">Youtube<\/a><\/p>\n<\/div>\n\n\n\n<div style=\"height:24px\" aria-hidden=\"true\" class=\"wp-block-spacer\"><\/div>\n<\/div>\n<\/div>\n\n\n\n<p class=\"has-text-align-center has-small-font-size\">Proudly powered by <a href=\"https:\/\/wordpress.org\" rel=\"nofollow noopener\" target=\"_blank\">WordPress<\/a> <\/p>\n<\/div><\/div>\n<\/div>\n<\/div>\n<\/div><\/div>\n<\/div><\/div>\n\n\n\n<p><\/p>\n\n\n\n<div class=\"wp-block-jetpack-related-posts\">\n<h2 class=\"wp-block-heading\"><strong>Relacionadas<\/strong><\/h2>\n<\/div>\n","protected":false},"excerpt":{"rendered":"<p>A d\u00edas de que el sector encabezado por Samyn Duc\u00f3 asumiera la presidencia del PJ local, el espacio que responde al Intendente Zamora emiti\u00f3 un comunicado donde cuestiona la legitimidad de las actuales autoridades y exige un proceso electoral para definir la conducci\u00f3n partidaria<\/p>\n","protected":false},"author":2,"featured_media":24105,"comment_status":"open","ping_status":"open","sticky":false,"template":"","format":"standard","meta":{"jetpack_post_was_ever_published":false,"_jetpack_newsletter_access":"","_jetpack_dont_email_post_to_subs":false,"_jetpack_newsletter_tier_id":0,"_jetpack_memberships_contains_paywalled_content":false,"_jetpack_memberships_contains_paid_content":false,"footnotes":"","jetpack_publicize_message":"","jetpack_publicize_feature_enabled":true,"jetpack_social_post_already_shared":true,"jetpack_social_options":{"image_generator_settings":{"template":"highway","enabled":false},"version":2}},"categories":[38],"tags":[56,190,1271,65,1473],"class_list":["post-24102","post","type-post","status-publish","format-standard","has-post-thumbnail","hentry","category-politica","tag-julio-zamora","tag-pj-tigre","tag-pj-tigre-internas","tag-tigre","tag-zamorismo"],"jetpack_publicize_connections":[],"jetpack_featured_media_url":"https:\/\/tigredigital.com.ar\/noticias\/wp-content\/uploads\/2026\/04\/unnamed-12.jpg","jetpack_sharing_enabled":true,"jetpack_likes_enabled":true,"jetpack-related-posts":[{"id":23531,"url":"https:\/\/tigredigital.com.ar\/noticias\/julio-zamora-lanzamiento-lista-celeste-y-blanca-pj-tigre\/","url_meta":{"origin":24102,"position":0},"title":"Julio Zamora lanz\u00f3 la lista para el PJ de Tigre: \u00abNo nos pueden robar nuestro coraz\u00f3n peronista\u00bb","author":"Daniel Lowy","date":"28 febrero, 2026","format":false,"excerpt":"En un encendido acto en el Club Rinc\u00f3n, el intendente respald\u00f3 la candidatura de Mario Zamora tras la oficializaci\u00f3n judicial de la boleta \"Celeste y Blanca\". Hubo fuertes cr\u00edticas a la conducci\u00f3n del Partido Justicialista provincial y un llamado a la transparencia democr\u00e1tica","rel":"","context":"En \u00abPol\u00edtica\u00bb","block_context":{"text":"Pol\u00edtica","link":"https:\/\/tigredigital.com.ar\/noticias\/category\/politica\/"},"img":{"alt_text":"En un encendido acto en el Club Rinc\u00f3n, Julio Zamora lanz\u00f3 la lista para el PJ de Tigre","src":"https:\/\/i0.wp.com\/tigredigital.com.ar\/noticias\/wp-content\/uploads\/2026\/02\/PERONISMO-TIGRE-CLUB-RINCON.jpg?resize=350%2C200&ssl=1","width":350,"height":200,"srcset":"https:\/\/i0.wp.com\/tigredigital.com.ar\/noticias\/wp-content\/uploads\/2026\/02\/PERONISMO-TIGRE-CLUB-RINCON.jpg?resize=350%2C200&ssl=1 1x, https:\/\/i0.wp.com\/tigredigital.com.ar\/noticias\/wp-content\/uploads\/2026\/02\/PERONISMO-TIGRE-CLUB-RINCON.jpg?resize=525%2C300&ssl=1 1.5x, https:\/\/i0.wp.com\/tigredigital.com.ar\/noticias\/wp-content\/uploads\/2026\/02\/PERONISMO-TIGRE-CLUB-RINCON.jpg?resize=700%2C400&ssl=1 2x, https:\/\/i0.wp.com\/tigredigital.com.ar\/noticias\/wp-content\/uploads\/2026\/02\/PERONISMO-TIGRE-CLUB-RINCON.jpg?resize=1050%2C600&ssl=1 3x"},"classes":[]},{"id":23622,"url":"https:\/\/tigredigital.com.ar\/noticias\/pj-de-tigre-crisis-fractura-y-corte-suprema\/","url_meta":{"origin":24102,"position":1},"title":"PJ de Tigre: Crisis, fractura y Corte Suprema","author":"Daniel Lowy","date":"12 marzo, 2026","format":false,"excerpt":"Tras un nuevo fallo de la Justicia Electoral ratificando la exclusi\u00f3n de la lista de Mario Zamora que deja el control del partido en manos del massismo, el sector del intendente Julio Zamora denunci\u00f3 una \"maniobra inaceptable y proscripci\u00f3n\" y llevar\u00e1 el reclamo ante la Corte Suprema de Justicia","rel":"","context":"En \u00abPol\u00edtica\u00bb","block_context":{"text":"Pol\u00edtica","link":"https:\/\/tigredigital.com.ar\/noticias\/category\/politica\/"},"img":{"alt_text":"La interna del Partido Justicialista de Tigre dio un giro determinante tras el fallo del juez federal con competencia electoral, Alejo Ramos Padilla. El magistrado revoc\u00f3 las resoluciones de la Junta Electoral partidaria que hab\u00edan dejado fuera de competencia a la lista vinculada al intendente Julio Zamora, ordenando su inmediata oficializaci\u00f3n","src":"https:\/\/i0.wp.com\/tigredigital.com.ar\/noticias\/wp-content\/uploads\/2026\/02\/ZAMORA-DUCO.jpg?resize=350%2C200&ssl=1","width":350,"height":200,"srcset":"https:\/\/i0.wp.com\/tigredigital.com.ar\/noticias\/wp-content\/uploads\/2026\/02\/ZAMORA-DUCO.jpg?resize=350%2C200&ssl=1 1x, https:\/\/i0.wp.com\/tigredigital.com.ar\/noticias\/wp-content\/uploads\/2026\/02\/ZAMORA-DUCO.jpg?resize=525%2C300&ssl=1 1.5x, https:\/\/i0.wp.com\/tigredigital.com.ar\/noticias\/wp-content\/uploads\/2026\/02\/ZAMORA-DUCO.jpg?resize=700%2C400&ssl=1 2x, https:\/\/i0.wp.com\/tigredigital.com.ar\/noticias\/wp-content\/uploads\/2026\/02\/ZAMORA-DUCO.jpg?resize=1050%2C600&ssl=1 3x"},"classes":[]},{"id":20402,"url":"https:\/\/tigredigital.com.ar\/noticias\/julio-zamora-propuso-suspender-las-elecciones-internas-del-pj\/","url_meta":{"origin":24102,"position":2},"title":"Julio Zamora propuso suspender las elecciones internas del PJ","author":"Daniel Lowy","date":"9 octubre, 2024","format":false,"excerpt":"El intendente de Tigre, Julio Zamora, brind\u00f3 declaraciones radiales en el programa La Ma\u00f1ana de CNN, donde profundiz\u00f3 sobre la actualidad del Partido Justicialista (PJ) y comparti\u00f3 su visi\u00f3n sobre la gesti\u00f3n del Gobierno nacional. \u201cQueremos construir una alternativa en nuestro espacio. El peronismo y todos los partidos pol\u00edticos est\u00e1n\u2026","rel":"","context":"En \u00abPol\u00edtica\u00bb","block_context":{"text":"Pol\u00edtica","link":"https:\/\/tigredigital.com.ar\/noticias\/category\/politica\/"},"img":{"alt_text":"","src":"https:\/\/i0.wp.com\/tigredigital.com.ar\/noticias\/wp-content\/uploads\/2024\/09\/zamora.jpg?resize=350%2C200&ssl=1","width":350,"height":200,"srcset":"https:\/\/i0.wp.com\/tigredigital.com.ar\/noticias\/wp-content\/uploads\/2024\/09\/zamora.jpg?resize=350%2C200&ssl=1 1x, https:\/\/i0.wp.com\/tigredigital.com.ar\/noticias\/wp-content\/uploads\/2024\/09\/zamora.jpg?resize=525%2C300&ssl=1 1.5x, https:\/\/i0.wp.com\/tigredigital.com.ar\/noticias\/wp-content\/uploads\/2024\/09\/zamora.jpg?resize=700%2C400&ssl=1 2x, https:\/\/i0.wp.com\/tigredigital.com.ar\/noticias\/wp-content\/uploads\/2024\/09\/zamora.jpg?resize=1050%2C600&ssl=1 3x"},"classes":[]},{"id":23395,"url":"https:\/\/tigredigital.com.ar\/noticias\/interna-pj-tigre-denuncia-mario-zamora-lista-celeste-blanca\/","url_meta":{"origin":24102,"position":3},"title":"Tensi\u00f3n en la interna del PJ de Tigre: La Lista Celeste y Blanca denuncia \u00abpersecuci\u00f3n ideol\u00f3gica\u00bb y operaciones de impugnaci\u00f3n","author":"Daniel Lowy","date":"16 febrero, 2026","format":false,"excerpt":"Mario Zamora y la agrupaci\u00f3n \"Justicia Social\" denunciaron maniobras de sectores externos para boicotear su participaci\u00f3n electoral en las internas del PJ tigrense. Ratificaron su alineaci\u00f3n con el gobernador Axel Kicillof y exigen democracia interna tras la derrota nacional","rel":"","context":"En \u00abPol\u00edtica\u00bb","block_context":{"text":"Pol\u00edtica","link":"https:\/\/tigredigital.com.ar\/noticias\/category\/politica\/"},"img":{"alt_text":"Con el cierre de listas en el horizonte, el peronismo tigrense espera definiciones de la Junta Electoral en un clima de creciente hermetismo y acusaciones cruzadas","src":"https:\/\/i0.wp.com\/tigredigital.com.ar\/noticias\/wp-content\/uploads\/2026\/02\/snapshot1.png?resize=350%2C200&ssl=1","width":350,"height":200,"srcset":"https:\/\/i0.wp.com\/tigredigital.com.ar\/noticias\/wp-content\/uploads\/2026\/02\/snapshot1.png?resize=350%2C200&ssl=1 1x, https:\/\/i0.wp.com\/tigredigital.com.ar\/noticias\/wp-content\/uploads\/2026\/02\/snapshot1.png?resize=525%2C300&ssl=1 1.5x, https:\/\/i0.wp.com\/tigredigital.com.ar\/noticias\/wp-content\/uploads\/2026\/02\/snapshot1.png?resize=700%2C400&ssl=1 2x, https:\/\/i0.wp.com\/tigredigital.com.ar\/noticias\/wp-content\/uploads\/2026\/02\/snapshot1.png?resize=1050%2C600&ssl=1 3x, https:\/\/i0.wp.com\/tigredigital.com.ar\/noticias\/wp-content\/uploads\/2026\/02\/snapshot1.png?resize=1400%2C800&ssl=1 4x"},"classes":[]},{"id":23522,"url":"https:\/\/tigredigital.com.ar\/noticias\/ramos-padilla-oficializa-lista-zamora-pj-tigre-internas\/","url_meta":{"origin":24102,"position":4},"title":"Habr\u00e1 internas en el PJ tigrense: la justicia habilit\u00f3 la lista de Zamora","author":"Daniel Lowy","date":"27 febrero, 2026","format":false,"excerpt":"La interna del Partido Justicialista de Tigre dio un giro determinante tras el fallo del juez federal con competencia electoral, Alejo Ramos Padilla. El magistrado revoc\u00f3 las resoluciones de la Junta Electoral partidaria que hab\u00edan dejado fuera de competencia a la lista vinculada al intendente Julio Zamora, ordenando su inmediata\u2026","rel":"","context":"En \u00abPol\u00edtica\u00bb","block_context":{"text":"Pol\u00edtica","link":"https:\/\/tigredigital.com.ar\/noticias\/category\/politica\/"},"img":{"alt_text":"La interna del Partido Justicialista de Tigre dio un giro determinante tras el fallo del juez federal con competencia electoral, Alejo Ramos Padilla. El magistrado revoc\u00f3 las resoluciones de la Junta Electoral partidaria que hab\u00edan dejado fuera de competencia a la lista vinculada al intendente Julio Zamora, ordenando su inmediata oficializaci\u00f3n","src":"https:\/\/i0.wp.com\/tigredigital.com.ar\/noticias\/wp-content\/uploads\/2026\/02\/ZAMORA-DUCO.jpg?resize=350%2C200&ssl=1","width":350,"height":200,"srcset":"https:\/\/i0.wp.com\/tigredigital.com.ar\/noticias\/wp-content\/uploads\/2026\/02\/ZAMORA-DUCO.jpg?resize=350%2C200&ssl=1 1x, https:\/\/i0.wp.com\/tigredigital.com.ar\/noticias\/wp-content\/uploads\/2026\/02\/ZAMORA-DUCO.jpg?resize=525%2C300&ssl=1 1.5x, https:\/\/i0.wp.com\/tigredigital.com.ar\/noticias\/wp-content\/uploads\/2026\/02\/ZAMORA-DUCO.jpg?resize=700%2C400&ssl=1 2x, https:\/\/i0.wp.com\/tigredigital.com.ar\/noticias\/wp-content\/uploads\/2026\/02\/ZAMORA-DUCO.jpg?resize=1050%2C600&ssl=1 3x"},"classes":[]},{"id":22875,"url":"https:\/\/tigredigital.com.ar\/noticias\/en-el-marco-de-un-multitudinario-encuentro-por-el-dia-del-militante-julio-zamora-llamo-a-reflexionar-sobre-el-futuro-del-pj\/","url_meta":{"origin":24102,"position":5},"title":"En el marco de un multitudinario encuentro por el d\u00eda del militante, Julio Zamora llam\u00f3 a reflexionar sobre el futuro del PJ","author":"Daniel Lowy","date":"17 noviembre, 2025","format":false,"excerpt":"En la sede de la Uni\u00f3n de Sindicatos de la Industria Maderera de la Rep\u00fablica Argentina (USIMRA), el intendente Julio Zamora encabez\u00f3 el acto por el D\u00eda de la Militancia junto a dirigentes y seguidores del Partido Justicialista de Tigre. Durante el encuentro, destac\u00f3 que la palabra \"ajuste\" no est\u00e1\u2026","rel":"","context":"En \u00abPol\u00edtica\u00bb","block_context":{"text":"Pol\u00edtica","link":"https:\/\/tigredigital.com.ar\/noticias\/category\/politica\/"},"img":{"alt_text":"","src":"https:\/\/i0.wp.com\/tigredigital.com.ar\/noticias\/wp-content\/uploads\/2025\/11\/unnamed-10.jpg?resize=350%2C200&ssl=1","width":350,"height":200,"srcset":"https:\/\/i0.wp.com\/tigredigital.com.ar\/noticias\/wp-content\/uploads\/2025\/11\/unnamed-10.jpg?resize=350%2C200&ssl=1 1x, https:\/\/i0.wp.com\/tigredigital.com.ar\/noticias\/wp-content\/uploads\/2025\/11\/unnamed-10.jpg?resize=525%2C300&ssl=1 1.5x, https:\/\/i0.wp.com\/tigredigital.com.ar\/noticias\/wp-content\/uploads\/2025\/11\/unnamed-10.jpg?resize=700%2C400&ssl=1 2x, https:\/\/i0.wp.com\/tigredigital.com.ar\/noticias\/wp-content\/uploads\/2025\/11\/unnamed-10.jpg?resize=1050%2C600&ssl=1 3x"},"classes":[]}],"_links":{"self":[{"href":"https:\/\/tigredigital.com.ar\/noticias\/wp-json\/wp\/v2\/posts\/24102","targetHints":{"allow":["GET"]}}],"collection":[{"href":"https:\/\/tigredigital.com.ar\/noticias\/wp-json\/wp\/v2\/posts"}],"about":[{"href":"https:\/\/tigredigital.com.ar\/noticias\/wp-json\/wp\/v2\/types\/post"}],"author":[{"embeddable":true,"href":"https:\/\/tigredigital.com.ar\/noticias\/wp-json\/wp\/v2\/users\/2"}],"replies":[{"embeddable":true,"href":"https:\/\/tigredigital.com.ar\/noticias\/wp-json\/wp\/v2\/comments?post=24102"}],"version-history":[{"count":4,"href":"https:\/\/tigredigital.com.ar\/noticias\/wp-json\/wp\/v2\/posts\/24102\/revisions"}],"predecessor-version":[{"id":24109,"href":"https:\/\/tigredigital.com.ar\/noticias\/wp-json\/wp\/v2\/posts\/24102\/revisions\/24109"}],"wp:featuredmedia":[{"embeddable":true,"href":"https:\/\/tigredigital.com.ar\/noticias\/wp-json\/wp\/v2\/media\/24105"}],"wp:attachment":[{"href":"https:\/\/tigredigital.com.ar\/noticias\/wp-json\/wp\/v2\/media?parent=24102"}],"wp:term":[{"taxonomy":"category","embeddable":true,"href":"https:\/\/tigredigital.com.ar\/noticias\/wp-json\/wp\/v2\/categories?post=24102"},{"taxonomy":"post_tag","embeddable":true,"href":"https:\/\/tigredigital.com.ar\/noticias\/wp-json\/wp\/v2\/tags?post=24102"}],"curies":[{"name":"wp","href":"https:\/\/api.w.org\/{rel}","templated":true}]}}