{"id":24093,"date":"2026-04-28T14:57:03","date_gmt":"2026-04-28T17:57:03","guid":{"rendered":"https:\/\/tigredigital.com.ar\/noticias\/?p=24093"},"modified":"2026-04-28T14:57:06","modified_gmt":"2026-04-28T17:57:06","slug":"tigre-aprueba-ordenanza-limites-altura-urbana","status":"publish","type":"post","link":"https:\/\/tigredigital.com.ar\/noticias\/tigre-aprueba-ordenanza-limites-altura-urbana\/","title":{"rendered":"Tigre establece l\u00edmites a las alturas mediante una nueva ordenanza de ordenamiento urbano"},"content":{"rendered":"\n<h4 class=\"wp-block-heading\">El Honorable Concejo Deliberante sancion\u00f3 la normativa que unifica par\u00e1metros urban\u00edsticos y redefine los perfiles en el distrito para regular el crecimiento edilicio<\/h4>\n\n\n\n<!--more-->\n<!--noteaser-->\n\n\n\n<p>El Honorable Concejo Deliberante (HCD) de Tigre aprob\u00f3 por mayor\u00eda una ordenanza que fija <a href=\"https:\/\/tigredigital.com.ar\/noticias\/tigre-proyecto-regulacion-alturas-edificacion-vecinos\/\" target=\"_blank\" rel=\"noreferrer noopener\">l\u00edmites de altura<\/a> y redefine perfiles urbanos en diversos sectores del partido. La medida surge como una actualizaci\u00f3n necesaria del C\u00f3digo de Zonificaci\u00f3n local, establecido originalmente por la Ordenanza 1894\/96 y modificado por las normas 3564\/2017 y 3776\/2021. El objetivo de la nueva disposici\u00f3n es establecer criterios t\u00e9cnicos que equilibren la convivencia entre los edificios de altura y las \u00e1reas de menor escala residencial.<\/p>\n\n\n\n<p>Al respecto, el Jefe Comunal Julio Zamora expres\u00f3: \u201cQuiero expresar mi enorme satisfacci\u00f3n por la aprobaci\u00f3n de esta ordenanza, que representa un paso muy importante para el presente y el futuro de Tigre. Estamos dando una respuesta concreta a una demanda hist\u00f3rica de nuestros vecinos y vecinas: crecer, s\u00ed, pero con orden, planificaci\u00f3n y cuidando la identidad de cada barrio\u00bb, enfatiz\u00f3 el intendente de Tigre, Julio Zamora.\u00a0<\/p>\n\n\n\n<p>Y continu\u00f3: \u00abEste es el resultado de un trabajo serio, que incluy\u00f3 instancias de <a href=\"https:\/\/tigredigital.com.ar\/noticias\/tigre-abre-el-debate-los-vecinos-podran-opinar-sobre-el-nuevo-limite-de-altura-para-edificios\/\" target=\"_blank\" rel=\"noreferrer noopener\">participaci\u00f3n ciudadana<\/a> y un profundo an\u00e1lisis t\u00e9cnico. Por eso, quiero agradecer especialmente a los concejales y concejalas que acompa\u00f1aron esta iniciativa con responsabilidad y compromiso, entendiendo que el desarrollo urbano no puede quedar librado al azar\u00bb.<\/p>\n\n\n\n<p>\u00abCon esta herramienta vamos a poder equilibrar el crecimiento, establecer reglas claras y construir un distrito m\u00e1s arm\u00f3nico, sostenible y pensado para las pr\u00f3ximas generaciones. Tigre sigue avanzando con una mirada de futuro, priorizando la calidad de vida de su comunidad\u00bb, prosigui\u00f3.<\/p>\n\n\n\n<p>Y, para finalizar, agreg\u00f3: \u201cEsta ordenanza da por tierra con los mitos, los fantasmas, y las voces alarmistas que solo buscan que Tigre no crezca en armon\u00eda en todos los sectores\u201d.<\/p>\n\n\n\n<p><\/p>\n\n\n<div class=\"wp-block-image\">\n<figure class=\"aligncenter size-large\"><a href=\"https:\/\/tigredigital.com.ar\/noticias\/wp-content\/uploads\/2026\/04\/unnamed-5-1.jpg\"><img loading=\"lazy\" decoding=\"async\" width=\"1024\" height=\"667\" src=\"https:\/\/tigredigital.com.ar\/noticias\/wp-content\/uploads\/2026\/04\/unnamed-5-1-1024x667.jpg\" alt=\"\" class=\"wp-image-24094\" srcset=\"https:\/\/tigredigital.com.ar\/noticias\/wp-content\/uploads\/2026\/04\/unnamed-5-1-1024x667.jpg 1024w, https:\/\/tigredigital.com.ar\/noticias\/wp-content\/uploads\/2026\/04\/unnamed-5-1-300x195.jpg 300w, https:\/\/tigredigital.com.ar\/noticias\/wp-content\/uploads\/2026\/04\/unnamed-5-1-768x500.jpg 768w, https:\/\/tigredigital.com.ar\/noticias\/wp-content\/uploads\/2026\/04\/unnamed-5-1-1536x1000.jpg 1536w, https:\/\/tigredigital.com.ar\/noticias\/wp-content\/uploads\/2026\/04\/unnamed-5-1.jpg 1600w\" sizes=\"auto, (max-width: 767px) 89vw, (max-width: 1000px) 54vw, (max-width: 1071px) 543px, 580px\" \/><\/a><figcaption class=\"wp-element-caption\"><strong>El Honorable Concejo Deliberante sancion\u00f3 la normativa que unifica par\u00e1metros urban\u00edsticos y redefine los perfiles en el distrito para regular el crecimiento edilicio<\/strong><\/figcaption><\/figure>\n<\/div>\n\n\n<p><\/p>\n\n\n\n<h2 class=\"wp-block-heading\"><strong>Competencias municipales y fundamentos legales<\/strong><\/h2>\n\n\n\n<p>La normativa aprobada se sustenta en el art\u00edculo 70 del Decreto-Ley 8912\/77 de Ordenamiento Territorial y Uso del Suelo de la Provincia de Buenos Aires. Este marco legal asigna a los municipios la responsabilidad primaria en la gesti\u00f3n y regulaci\u00f3n del territorio. A partir de esta facultad, el Municipio de Tigre procedi\u00f3 a unificar los par\u00e1metros urban\u00edsticos en zonas que anteriormente carec\u00edan de regulaciones espec\u00edficas, buscando un ordenamiento morfol\u00f3gico integral en todas las localidades del distrito.<\/p>\n\n\n\n<h2 class=\"wp-block-heading\"><strong>Planificaci\u00f3n estrat\u00e9gica y consulta ciudadana<\/strong><\/h2>\n\n\n\n<p>El proceso de elaboraci\u00f3n de la ordenanza incluy\u00f3 etapas de participaci\u00f3n ciudadana, donde vecinos y vecinas presentaron observaciones y propuestas t\u00e9cnicas. Estos aportes fueron sistematizados y elevados al cuerpo legislativo para su tratamiento final. Seg\u00fan las autoridades locales, la herramienta legislativa permitir\u00e1 establecer reglas para el desarrollo inmobiliario futuro, promoviendo un modelo de ciudad basado en la descentralizaci\u00f3n y la creaci\u00f3n de nuevas centralidades urbanas que eviten la concentraci\u00f3n excesiva en puntos espec\u00edficos del partido.<\/p>\n\n\n\n<h2 class=\"wp-block-heading\"><strong>Autor<\/strong><\/h2>\n\n\n\n<div class=\"wp-block-media-text is-stacked-on-mobile is-vertically-aligned-top\" style=\"grid-template-columns:15% auto\"><figure class=\"wp-block-media-text__media\"><img loading=\"lazy\" decoding=\"async\" width=\"358\" height=\"460\" src=\"https:\/\/tigredigital.com.ar\/noticias\/wp-content\/uploads\/2026\/02\/Gemini_Generated_Image_vviqdfvviqdfvviq.png\" alt=\"\" class=\"wp-image-23337 size-thumbnail\" srcset=\"https:\/\/tigredigital.com.ar\/noticias\/wp-content\/uploads\/2026\/02\/Gemini_Generated_Image_vviqdfvviqdfvviq.png 358w, https:\/\/tigredigital.com.ar\/noticias\/wp-content\/uploads\/2026\/02\/Gemini_Generated_Image_vviqdfvviqdfvviq-233x300.png 233w\" sizes=\"auto, (max-width: 358px) 100vw, 358px\" \/><\/figure><div class=\"wp-block-media-text__content\">\n<h4 class=\"wp-block-heading\"><strong>Daniel Lowy<\/strong><\/h4>\n\n\n\n<p>Director General, editor y responsable editorial del portal digital de noticias \u00abTigre Digital Noticias\u00bb<\/p>\n\n\n\n<p>&#8212;&#8212;&#8212;&#8212;&#8212;&#8212;&#8212;&#8212;&#8212;&#8212;&#8212;&#8212;&#8212;&#8212;&#8212;&#8212;&#8212;&#8212;&#8212;&#8212;&#8211;<\/p>\n<\/div><\/div>\n\n\n\n<p><\/p>\n\n\n<div class=\"wp-block-image\">\n<figure class=\"aligncenter size-full is-resized\"><a href=\"https:\/\/tigredigital.com.ar\/noticias\/wp-content\/uploads\/2026\/04\/GIF-TIGRE-ES-SEGURIDAD-2026-700X700.gif\"><img loading=\"lazy\" decoding=\"async\" width=\"700\" height=\"700\" src=\"https:\/\/tigredigital.com.ar\/noticias\/wp-content\/uploads\/2026\/04\/GIF-TIGRE-ES-SEGURIDAD-2026-700X700.gif\" alt=\"\" class=\"wp-image-23831\" style=\"width:522px;height:auto\"\/><\/a><\/figure>\n<\/div>\n\n\n<p><\/p>\n\n\n\n<h2 class=\"wp-block-heading\"><strong>M\u00e1s Noticias<\/strong><\/h2>\n\n\n<ul class=\"wp-block-latest-posts__list is-grid columns-2 has-author aligncenter wp-block-latest-posts\"><li><div class=\"wp-block-latest-posts__featured-image aligncenter\"><a href=\"https:\/\/tigredigital.com.ar\/noticias\/violento-choque-entre-un-auto-y-una-moto-en-rincon-de-milberg\/\" aria-label=\"Violento choque entre un auto y una moto en Rinc\u00f3n de Milberg\"><img loading=\"lazy\" decoding=\"async\" width=\"300\" height=\"169\" src=\"https:\/\/tigredigital.com.ar\/noticias\/wp-content\/uploads\/2026\/05\/snapshot8-300x169.png\" class=\"attachment-medium size-medium wp-post-image\" alt=\"\" style=\"\" srcset=\"https:\/\/tigredigital.com.ar\/noticias\/wp-content\/uploads\/2026\/05\/snapshot8-300x169.png 300w, https:\/\/tigredigital.com.ar\/noticias\/wp-content\/uploads\/2026\/05\/snapshot8-1024x576.png 1024w, https:\/\/tigredigital.com.ar\/noticias\/wp-content\/uploads\/2026\/05\/snapshot8-768x432.png 768w, https:\/\/tigredigital.com.ar\/noticias\/wp-content\/uploads\/2026\/05\/snapshot8.png 1280w\" sizes=\"auto, 100vw\" \/><\/a><\/div><a class=\"wp-block-latest-posts__post-title\" href=\"https:\/\/tigredigital.com.ar\/noticias\/violento-choque-entre-un-auto-y-una-moto-en-rincon-de-milberg\/\">Violento choque entre un auto y una moto en Rinc\u00f3n de Milberg<\/a><div class=\"wp-block-latest-posts__post-author\">por Daniel Lowy<\/div><\/li>\n<li><div class=\"wp-block-latest-posts__featured-image aligncenter\"><a href=\"https:\/\/tigredigital.com.ar\/noticias\/julio-zamora-acto-peronismo-dia-trabajador-talar\/\" aria-label=\"Julio Zamora encabez\u00f3 un encuentro con la militancia por el D\u00eda del Trabajador en El Talar\"><img loading=\"lazy\" decoding=\"async\" width=\"300\" height=\"200\" src=\"https:\/\/tigredigital.com.ar\/noticias\/wp-content\/uploads\/2026\/05\/unnamed-300x200.jpg\" class=\"attachment-medium size-medium wp-post-image\" alt=\"El Peronismo de Tigre realiz\u00f3 un multitudinario acto por el D\u00eda del Trabajador, encabezado por el intendente Julio Zamora. All\u00ed, brind\u00f3 un mensaje enfocado en recuperar la historia, reorganizarse para defender a los sectores m\u00e1s vulnerables y cuestion\u00f3 a quienes act\u00faan de manera contradictoria cuando son oposici\u00f3n.\" style=\"\" srcset=\"https:\/\/tigredigital.com.ar\/noticias\/wp-content\/uploads\/2026\/05\/unnamed-300x200.jpg 300w, https:\/\/tigredigital.com.ar\/noticias\/wp-content\/uploads\/2026\/05\/unnamed-1024x682.jpg 1024w, https:\/\/tigredigital.com.ar\/noticias\/wp-content\/uploads\/2026\/05\/unnamed-768x512.jpg 768w, https:\/\/tigredigital.com.ar\/noticias\/wp-content\/uploads\/2026\/05\/unnamed-1536x1023.jpg 1536w, https:\/\/tigredigital.com.ar\/noticias\/wp-content\/uploads\/2026\/05\/unnamed.jpg 1600w\" sizes=\"auto, 100vw\" \/><\/a><\/div><a class=\"wp-block-latest-posts__post-title\" href=\"https:\/\/tigredigital.com.ar\/noticias\/julio-zamora-acto-peronismo-dia-trabajador-talar\/\">Julio Zamora encabez\u00f3 un encuentro con la militancia por el D\u00eda del Trabajador en El Talar<\/a><div class=\"wp-block-latest-posts__post-author\">por Daniel Lowy<\/div><\/li>\n<li><div class=\"wp-block-latest-posts__featured-image aligncenter\"><a href=\"https:\/\/tigredigital.com.ar\/noticias\/el-tigre-boat-club-inauguro-su-guarderia-nautica\/\" aria-label=\"El Tigre Boat Club inaugur\u00f3 su guarder\u00eda n\u00e1utica\"><img loading=\"lazy\" decoding=\"async\" width=\"300\" height=\"200\" src=\"https:\/\/tigredigital.com.ar\/noticias\/wp-content\/uploads\/2026\/05\/unnamed-2-300x200.jpg\" class=\"attachment-medium size-medium wp-post-image\" alt=\"El nuevo galp\u00f3n n\u00e1utico del TBC est\u00e1 ubicado en la Pista nacional de Remos y Canotaje\" style=\"\" srcset=\"https:\/\/tigredigital.com.ar\/noticias\/wp-content\/uploads\/2026\/05\/unnamed-2-300x200.jpg 300w, https:\/\/tigredigital.com.ar\/noticias\/wp-content\/uploads\/2026\/05\/unnamed-2-1024x683.jpg 1024w, https:\/\/tigredigital.com.ar\/noticias\/wp-content\/uploads\/2026\/05\/unnamed-2-768x512.jpg 768w, https:\/\/tigredigital.com.ar\/noticias\/wp-content\/uploads\/2026\/05\/unnamed-2-1536x1024.jpg 1536w, https:\/\/tigredigital.com.ar\/noticias\/wp-content\/uploads\/2026\/05\/unnamed-2.jpg 1620w\" sizes=\"auto, 100vw\" \/><\/a><\/div><a class=\"wp-block-latest-posts__post-title\" href=\"https:\/\/tigredigital.com.ar\/noticias\/el-tigre-boat-club-inauguro-su-guarderia-nautica\/\">El Tigre Boat Club inaugur\u00f3 su guarder\u00eda n\u00e1utica<\/a><div class=\"wp-block-latest-posts__post-author\">por Daniel Lowy<\/div><\/li>\n<li><div class=\"wp-block-latest-posts__featured-image aligncenter\"><a href=\"https:\/\/tigredigital.com.ar\/noticias\/julio-zamora-charla-dia-trabajador-mat\/\" aria-label=\"Julio Zamora encabez\u00f3 un encuentro sobre la historia y el futuro del empleo en el Museo de Arte Tigre\"><img loading=\"lazy\" decoding=\"async\" width=\"300\" height=\"200\" src=\"https:\/\/tigredigital.com.ar\/noticias\/wp-content\/uploads\/2026\/04\/6-300x200.jpg\" class=\"attachment-medium size-medium wp-post-image\" alt=\"\" style=\"\" srcset=\"https:\/\/tigredigital.com.ar\/noticias\/wp-content\/uploads\/2026\/04\/6-300x200.jpg 300w, https:\/\/tigredigital.com.ar\/noticias\/wp-content\/uploads\/2026\/04\/6-1024x683.jpg 1024w, https:\/\/tigredigital.com.ar\/noticias\/wp-content\/uploads\/2026\/04\/6-768x512.jpg 768w, https:\/\/tigredigital.com.ar\/noticias\/wp-content\/uploads\/2026\/04\/6.jpg 1500w\" sizes=\"auto, 100vw\" \/><\/a><\/div><a class=\"wp-block-latest-posts__post-title\" href=\"https:\/\/tigredigital.com.ar\/noticias\/julio-zamora-charla-dia-trabajador-mat\/\">Julio Zamora encabez\u00f3 un encuentro sobre la historia y el futuro del empleo en el Museo de Arte Tigre<\/a><div class=\"wp-block-latest-posts__post-author\">por Daniel Lowy<\/div><\/li>\n<li><div class=\"wp-block-latest-posts__featured-image aligncenter\"><a href=\"https:\/\/tigredigital.com.ar\/noticias\/taller-inclusion-digital-adultos-mayores-ricardo-rojas\/\" aria-label=\"Los adultos mayores de Ricardo Rojas se sumaron a una nueva capacitaci\u00f3n en tecnolog\u00eda\"><img loading=\"lazy\" decoding=\"async\" width=\"300\" height=\"175\" src=\"https:\/\/tigredigital.com.ar\/noticias\/wp-content\/uploads\/2026\/04\/unnamed-300x175.png\" class=\"attachment-medium size-medium wp-post-image\" alt=\"El Gobierno local realiz\u00f3 una jornada de capacitaci\u00f3n en el Polideportivo de Ricardo Rojas, donde se brindaron herramientas pr\u00e1cticas para el uso de celulares, la realizaci\u00f3n de tr\u00e1mites online y la navegaci\u00f3n segura en internet.\" style=\"\" srcset=\"https:\/\/tigredigital.com.ar\/noticias\/wp-content\/uploads\/2026\/04\/unnamed-300x175.png 300w, https:\/\/tigredigital.com.ar\/noticias\/wp-content\/uploads\/2026\/04\/unnamed-1024x597.png 1024w, https:\/\/tigredigital.com.ar\/noticias\/wp-content\/uploads\/2026\/04\/unnamed-768x448.png 768w, https:\/\/tigredigital.com.ar\/noticias\/wp-content\/uploads\/2026\/04\/unnamed.png 1200w\" sizes=\"auto, 100vw\" \/><\/a><\/div><a class=\"wp-block-latest-posts__post-title\" href=\"https:\/\/tigredigital.com.ar\/noticias\/taller-inclusion-digital-adultos-mayores-ricardo-rojas\/\">Los adultos mayores de Ricardo Rojas se sumaron a una nueva capacitaci\u00f3n en tecnolog\u00eda<\/a><div class=\"wp-block-latest-posts__post-author\">por Daniel Lowy<\/div><\/li>\n<li><div class=\"wp-block-latest-posts__featured-image aligncenter\"><a href=\"https:\/\/tigredigital.com.ar\/noticias\/zamora-reclamo-internas-pj-tigre\/\" aria-label=\"El sector que responde a Julio Zamora solicit\u00f3 la inmediata convocatoria a elecciones internas en el PJ de Tigre\"><img loading=\"lazy\" decoding=\"async\" width=\"300\" height=\"200\" src=\"https:\/\/tigredigital.com.ar\/noticias\/wp-content\/uploads\/2026\/04\/unnamed-12-300x200.jpg\" class=\"attachment-medium size-medium wp-post-image\" alt=\"\" style=\"\" srcset=\"https:\/\/tigredigital.com.ar\/noticias\/wp-content\/uploads\/2026\/04\/unnamed-12-300x200.jpg 300w, https:\/\/tigredigital.com.ar\/noticias\/wp-content\/uploads\/2026\/04\/unnamed-12-1024x683.jpg 1024w, https:\/\/tigredigital.com.ar\/noticias\/wp-content\/uploads\/2026\/04\/unnamed-12-768x512.jpg 768w, https:\/\/tigredigital.com.ar\/noticias\/wp-content\/uploads\/2026\/04\/unnamed-12-1536x1024.jpg 1536w, https:\/\/tigredigital.com.ar\/noticias\/wp-content\/uploads\/2026\/04\/unnamed-12.jpg 1620w\" sizes=\"auto, 100vw\" \/><\/a><\/div><a class=\"wp-block-latest-posts__post-title\" href=\"https:\/\/tigredigital.com.ar\/noticias\/zamora-reclamo-internas-pj-tigre\/\">El sector que responde a Julio Zamora solicit\u00f3 la inmediata convocatoria a elecciones internas en el PJ de Tigre<\/a><div class=\"wp-block-latest-posts__post-author\">por Daniel Lowy<\/div><\/li>\n<li><div class=\"wp-block-latest-posts__featured-image aligncenter\"><a href=\"https:\/\/tigredigital.com.ar\/noticias\/detencion-arma-drogas-don-torcuato\/\" aria-label=\"Detenci\u00f3n de dos personas con armamento y estupefacientes tras un incidente vial en Don Torcuato\"><img loading=\"lazy\" decoding=\"async\" width=\"300\" height=\"169\" src=\"https:\/\/tigredigital.com.ar\/noticias\/wp-content\/uploads\/2026\/04\/snapshot1-5-300x169.png\" class=\"attachment-medium size-medium wp-post-image\" alt=\"Todo comenz\u00f3 cuando una moto con dos ocupantes choc\u00f3 a un peat\u00f3n en plena tarde. El hecho fue detectado por un t\u00f3tem del Centro de Operaciones Tigre, lo que deriv\u00f3 en un operativo: quienes conduc\u00edan el rodado fueron detenidos luego de la identificaci\u00f3n de las fuerzas de seguridad.\" style=\"\" srcset=\"https:\/\/tigredigital.com.ar\/noticias\/wp-content\/uploads\/2026\/04\/snapshot1-5-300x169.png 300w, https:\/\/tigredigital.com.ar\/noticias\/wp-content\/uploads\/2026\/04\/snapshot1-5-1024x576.png 1024w, https:\/\/tigredigital.com.ar\/noticias\/wp-content\/uploads\/2026\/04\/snapshot1-5-768x432.png 768w, https:\/\/tigredigital.com.ar\/noticias\/wp-content\/uploads\/2026\/04\/snapshot1-5-1536x864.png 1536w, https:\/\/tigredigital.com.ar\/noticias\/wp-content\/uploads\/2026\/04\/snapshot1-5.png 1920w\" sizes=\"auto, 100vw\" \/><\/a><\/div><a class=\"wp-block-latest-posts__post-title\" href=\"https:\/\/tigredigital.com.ar\/noticias\/detencion-arma-drogas-don-torcuato\/\">Detenci\u00f3n de dos personas con armamento y estupefacientes tras un incidente vial en Don Torcuato<\/a><div class=\"wp-block-latest-posts__post-author\">por Daniel Lowy<\/div><\/li>\n<li><div class=\"wp-block-latest-posts__featured-image aligncenter\"><a href=\"https:\/\/tigredigital.com.ar\/noticias\/tigre-aprueba-ordenanza-limites-altura-urbana\/\" aria-label=\"Tigre establece l\u00edmites a las alturas mediante una nueva ordenanza de ordenamiento urbano\"><img loading=\"lazy\" decoding=\"async\" width=\"300\" height=\"169\" src=\"https:\/\/tigredigital.com.ar\/noticias\/wp-content\/uploads\/2026\/04\/2008_009-300x169.jpg\" class=\"attachment-medium size-medium wp-post-image\" alt=\"\" style=\"\" srcset=\"https:\/\/tigredigital.com.ar\/noticias\/wp-content\/uploads\/2026\/04\/2008_009-300x169.jpg 300w, https:\/\/tigredigital.com.ar\/noticias\/wp-content\/uploads\/2026\/04\/2008_009-1024x576.jpg 1024w, https:\/\/tigredigital.com.ar\/noticias\/wp-content\/uploads\/2026\/04\/2008_009-768x432.jpg 768w, https:\/\/tigredigital.com.ar\/noticias\/wp-content\/uploads\/2026\/04\/2008_009.jpg 1280w\" sizes=\"auto, 100vw\" \/><\/a><\/div><a class=\"wp-block-latest-posts__post-title\" href=\"https:\/\/tigredigital.com.ar\/noticias\/tigre-aprueba-ordenanza-limites-altura-urbana\/\">Tigre establece l\u00edmites a las alturas mediante una nueva ordenanza de ordenamiento urbano<\/a><div class=\"wp-block-latest-posts__post-author\">por Daniel Lowy<\/div><\/li>\n<li><div class=\"wp-block-latest-posts__featured-image aligncenter\"><a href=\"https:\/\/tigredigital.com.ar\/noticias\/apertura-distrital-2026-scouts-tigre-pacheco\/\" aria-label=\"En General Pacheco, grupos scouts de Tigre formalizaron la apertura para sus actividades de este a\u00f1o\"><img loading=\"lazy\" decoding=\"async\" width=\"300\" height=\"200\" src=\"https:\/\/tigredigital.com.ar\/noticias\/wp-content\/uploads\/2026\/04\/unnamed-3-1-300x200.jpg\" class=\"attachment-medium size-medium wp-post-image\" alt=\"\" style=\"\" srcset=\"https:\/\/tigredigital.com.ar\/noticias\/wp-content\/uploads\/2026\/04\/unnamed-3-1-300x200.jpg 300w, https:\/\/tigredigital.com.ar\/noticias\/wp-content\/uploads\/2026\/04\/unnamed-3-1-1024x683.jpg 1024w, https:\/\/tigredigital.com.ar\/noticias\/wp-content\/uploads\/2026\/04\/unnamed-3-1-768x512.jpg 768w, https:\/\/tigredigital.com.ar\/noticias\/wp-content\/uploads\/2026\/04\/unnamed-3-1-1536x1024.jpg 1536w, https:\/\/tigredigital.com.ar\/noticias\/wp-content\/uploads\/2026\/04\/unnamed-3-1.jpg 1620w\" sizes=\"auto, 100vw\" \/><\/a><\/div><a class=\"wp-block-latest-posts__post-title\" href=\"https:\/\/tigredigital.com.ar\/noticias\/apertura-distrital-2026-scouts-tigre-pacheco\/\">En General Pacheco, grupos scouts de Tigre formalizaron la apertura para sus actividades de este a\u00f1o<\/a><div class=\"wp-block-latest-posts__post-author\">por Daniel Lowy<\/div><\/li>\n<li><div class=\"wp-block-latest-posts__featured-image aligncenter\"><a href=\"https:\/\/tigredigital.com.ar\/noticias\/municipio-tigre-inicia-programa-emprendedoras-rodantes\/\" aria-label=\"Comenz\u00f3 en Tigre el programa municipal de capacitaci\u00f3n \u00abEmprendedoras Rodantes\u00bb\"><img loading=\"lazy\" decoding=\"async\" width=\"300\" height=\"180\" src=\"https:\/\/tigredigital.com.ar\/noticias\/wp-content\/uploads\/2026\/04\/EMPRENDEDORAS-RODANTES-300x180.jpg\" class=\"attachment-medium size-medium wp-post-image\" alt=\"Emprendedoras Rodantes es un programa impulsado por el Municipio de Tigre que busca fortalecer la autonom\u00eda econ\u00f3mica de las mujeres del distrito a trav\u00e9s de la formaci\u00f3n en oficios y microemprendimientos\" style=\"\" srcset=\"https:\/\/tigredigital.com.ar\/noticias\/wp-content\/uploads\/2026\/04\/EMPRENDEDORAS-RODANTES-300x180.jpg 300w, https:\/\/tigredigital.com.ar\/noticias\/wp-content\/uploads\/2026\/04\/EMPRENDEDORAS-RODANTES-1024x614.jpg 1024w, https:\/\/tigredigital.com.ar\/noticias\/wp-content\/uploads\/2026\/04\/EMPRENDEDORAS-RODANTES-768x461.jpg 768w, https:\/\/tigredigital.com.ar\/noticias\/wp-content\/uploads\/2026\/04\/EMPRENDEDORAS-RODANTES.jpg 1200w\" sizes=\"auto, 100vw\" \/><\/a><\/div><a class=\"wp-block-latest-posts__post-title\" href=\"https:\/\/tigredigital.com.ar\/noticias\/municipio-tigre-inicia-programa-emprendedoras-rodantes\/\">Comenz\u00f3 en Tigre el programa municipal de capacitaci\u00f3n \u00abEmprendedoras Rodantes\u00bb<\/a><div class=\"wp-block-latest-posts__post-author\">por Daniel Lowy<\/div><\/li>\n<\/ul>\n\n\n<p><\/p>\n\n\n\n<div class=\"wp-block-cover is-light\"><span aria-hidden=\"true\" class=\"wp-block-cover__background has-background-dim\"><\/span><img loading=\"lazy\" decoding=\"async\" width=\"480\" height=\"500\" class=\"wp-block-cover__image-background wp-image-18331\" alt=\"\" src=\"https:\/\/tigredigital.com.ar\/noticias\/wp-content\/uploads\/2023\/11\/LOGO-TIGRE-DIGITAL-CIRCULO.png\" data-object-fit=\"cover\" srcset=\"https:\/\/tigredigital.com.ar\/noticias\/wp-content\/uploads\/2023\/11\/LOGO-TIGRE-DIGITAL-CIRCULO.png 480w, https:\/\/tigredigital.com.ar\/noticias\/wp-content\/uploads\/2023\/11\/LOGO-TIGRE-DIGITAL-CIRCULO-288x300.png 288w\" sizes=\"auto, (max-width: 480px) 100vw, 480px\" \/><div class=\"wp-block-cover__inner-container is-layout-flow wp-block-cover-is-layout-flow\">\n<div class=\"wp-block-group\"><div class=\"wp-block-group__inner-container is-layout-constrained wp-block-group-is-layout-constrained\">\n<div class=\"wp-block-columns is-layout-flex wp-container-core-columns-is-layout-9d6595d7 wp-block-columns-is-layout-flex\">\n<div class=\"wp-block-column is-layout-flow wp-block-column-is-layout-flow\" style=\"flex-basis:100%\">\n<div class=\"wp-block-group alignfull has-background-color has-white-color has-black-background-color has-text-color has-background has-link-color wp-elements-37ea6134c40452122b721bb912a37805\" style=\"min-height:40vh;margin-top:0;margin-bottom:0;padding-top:var(--wp--preset--spacing--60);padding-right:var(--wp--preset--spacing--40);padding-bottom:var(--wp--preset--spacing--60);padding-left:var(--wp--preset--spacing--40)\"><div class=\"wp-block-group__inner-container is-layout-constrained wp-container-core-group-is-layout-27c39f3e wp-block-group-is-layout-constrained\">\n<div class=\"wp-block-columns alignwide has-small-font-size is-layout-flex wp-container-core-columns-is-layout-9d6595d7 wp-block-columns-is-layout-flex\">\n<div class=\"wp-block-column is-layout-flow wp-block-column-is-layout-flow\">\n<p class=\"has-text-align-center\">(1648) Tigre<\/p>\n\n\n\n<p class=\"has-text-align-center\">Buenos Aires<\/p>\n\n\n\n<p class=\"has-text-align-center\">Argentina<\/p>\n\n\n\n<div style=\"height:24px\" aria-hidden=\"true\" class=\"wp-block-spacer\"><\/div>\n<\/div>\n\n\n\n<div class=\"wp-block-column is-vertically-aligned-stretch is-layout-flow wp-block-column-is-layout-flow\">\n<p class=\"has-text-align-center\">Comunicate con nosotros:<\/p>\n\n\n\n<p class=\"has-text-align-center\"><a href=\"contacto@tigredigital.com.ar\" target=\"_blank\" rel=\"noreferrer noopener\">contacto@tigredigital.com.ar<\/a><\/p>\n\n\n<div class=\"wp-block-image\">\n<figure class=\"aligncenter size-full is-resized\"><a href=\"https:\/\/tigredigital.com.ar\/noticias\/\" target=\"_blank\" rel=\"noreferrer noopener\"><img loading=\"lazy\" decoding=\"async\" width=\"480\" height=\"500\" src=\"https:\/\/tigredigital.com.ar\/noticias\/wp-content\/uploads\/2023\/11\/LOGO-TIGRE-DIGITAL-CIRCULO-1.png\" alt=\"\" class=\"wp-image-18332\" style=\"width:98px;height:auto\" srcset=\"https:\/\/tigredigital.com.ar\/noticias\/wp-content\/uploads\/2023\/11\/LOGO-TIGRE-DIGITAL-CIRCULO-1.png 480w, https:\/\/tigredigital.com.ar\/noticias\/wp-content\/uploads\/2023\/11\/LOGO-TIGRE-DIGITAL-CIRCULO-1-288x300.png 288w\" sizes=\"auto, (max-width: 480px) 100vw, 480px\" \/><\/a><\/figure>\n<\/div>\n\n\n<div style=\"height:24px\" aria-hidden=\"true\" class=\"wp-block-spacer\"><\/div>\n<\/div>\n\n\n\n<div class=\"wp-block-column is-layout-flow wp-block-column-is-layout-flow\">\n<p class=\"has-text-align-center\">Adem\u00e1s pod\u00e9s  seguirnos en<\/p>\n\n\n\n<p class=\"has-text-align-center\">nuestras redes sociales:<\/p>\n\n\n\n<div class=\"wp-block-group is-vertical is-content-justification-center is-layout-flex wp-container-core-group-is-layout-bdd043ae wp-block-group-is-layout-flex\">\n<p><a href=\"https:\/\/www.facebook.com\/tigredigital\/\" target=\"_blank\" rel=\"noreferrer noopener\">Facebook<\/a><\/p>\n\n\n\n<p><a href=\"https:\/\/www.instagram.com\/tigredigitalnoticias\/\" target=\"_blank\" rel=\"noreferrer noopener\">Instagram<\/a><\/p>\n\n\n\n<p><a href=\"https:\/\/twitter.com\/digital_tigre\" target=\"_blank\" rel=\"noreferrer noopener\">Twitter<\/a><\/p>\n\n\n\n<p><a href=\"https:\/\/www.youtube.com\/channel\/UC26DeuIB96yC2vbePmuFH5A\" target=\"_blank\" rel=\"noreferrer noopener\">Youtube<\/a><\/p>\n<\/div>\n\n\n\n<div style=\"height:24px\" aria-hidden=\"true\" class=\"wp-block-spacer\"><\/div>\n<\/div>\n<\/div>\n\n\n\n<p class=\"has-text-align-center has-small-font-size\">Proudly powered by <a href=\"https:\/\/wordpress.org\" rel=\"nofollow noopener\" target=\"_blank\">WordPress<\/a> <\/p>\n<\/div><\/div>\n<\/div>\n<\/div>\n<\/div><\/div>\n<\/div><\/div>\n\n\n\n<p><\/p>\n\n\n\n<div class=\"wp-block-jetpack-related-posts\">\n<h2 class=\"wp-block-heading\"><strong>Relacionadas<\/strong><\/h2>\n<\/div>\n","protected":false},"excerpt":{"rendered":"<p>El Honorable Concejo Deliberante (HCD) de Tigre aprob\u00f3 por mayor\u00eda una ordenanza que fija l\u00edmites de altura y redefine perfiles urbanos en diversos sectores del partido. La medida surge como una actualizaci\u00f3n necesaria del C\u00f3digo de Zonificaci\u00f3n local, establecido originalmente por la Ordenanza 1894\/96 y modificado por las normas 3564\/2017 y 3776\/2021. El objetivo de la nueva disposici\u00f3n es establecer criterios t\u00e9cnicos que equilibren la convivencia entre los edificios de altura y las \u00e1reas de menor escala residencial.<\/p>\n","protected":false},"author":2,"featured_media":24095,"comment_status":"open","ping_status":"open","sticky":false,"template":"","format":"standard","meta":{"jetpack_post_was_ever_published":false,"_jetpack_newsletter_access":"","_jetpack_dont_email_post_to_subs":false,"_jetpack_newsletter_tier_id":0,"_jetpack_memberships_contains_paywalled_content":false,"_jetpack_memberships_contains_paid_content":false,"footnotes":"","jetpack_publicize_message":"","jetpack_publicize_feature_enabled":true,"jetpack_social_post_already_shared":true,"jetpack_social_options":{"image_generator_settings":{"template":"highway","enabled":false},"version":2}},"categories":[31],"tags":[1435,414,56,1471,1470,65],"class_list":["post-24093","post","type-post","status-publish","format-standard","has-post-thumbnail","hentry","category-hcd-tigre","tag-edificaciones","tag-hcd-de-tigre","tag-julio-zamora","tag-limite-altura","tag-ordenanza","tag-tigre"],"jetpack_publicize_connections":[],"jetpack_featured_media_url":"https:\/\/tigredigital.com.ar\/noticias\/wp-content\/uploads\/2026\/04\/2008_009.jpg","jetpack_sharing_enabled":true,"jetpack_likes_enabled":true,"jetpack-related-posts":[{"id":22842,"url":"https:\/\/tigredigital.com.ar\/noticias\/el-concejo-deliberante-aprobo-una-limitacion-temporal-para-las-alturas-edilicias-propuesta-por-el-intendente-julio-zamora\/","url_meta":{"origin":24093,"position":0},"title":"El Concejo Deliberante aprob\u00f3 una limitaci\u00f3n temporal para las alturas edilicias propuesta por el intendente Julio Zamora","author":"Daniel Lowy","date":"12 noviembre, 2025","format":false,"excerpt":"El Honorable Concejo Deliberante de Tigre aprob\u00f3 en su \u00faltima sesi\u00f3n la iniciativa presentada por el intendente Julio Zamora, que establece una limitaci\u00f3n temporal en las alturas de edificaci\u00f3n, con el objetivo de ordenar el crecimiento urbano del distrito y avanzar hacia un nuevo perfil de ciudad sostenible y arm\u00f3nica.","rel":"","context":"En \u00abHCD Tigre\u00bb","block_context":{"text":"HCD Tigre","link":"https:\/\/tigredigital.com.ar\/noticias\/category\/hcd-tigre\/"},"img":{"alt_text":"","src":"https:\/\/i0.wp.com\/tigredigital.com.ar\/noticias\/wp-content\/uploads\/2025\/09\/NDA5558_030.jpg?resize=350%2C200&ssl=1","width":350,"height":200,"srcset":"https:\/\/i0.wp.com\/tigredigital.com.ar\/noticias\/wp-content\/uploads\/2025\/09\/NDA5558_030.jpg?resize=350%2C200&ssl=1 1x, https:\/\/i0.wp.com\/tigredigital.com.ar\/noticias\/wp-content\/uploads\/2025\/09\/NDA5558_030.jpg?resize=525%2C300&ssl=1 1.5x, https:\/\/i0.wp.com\/tigredigital.com.ar\/noticias\/wp-content\/uploads\/2025\/09\/NDA5558_030.jpg?resize=700%2C400&ssl=1 2x, https:\/\/i0.wp.com\/tigredigital.com.ar\/noticias\/wp-content\/uploads\/2025\/09\/NDA5558_030.jpg?resize=1050%2C600&ssl=1 3x"},"classes":[]},{"id":23800,"url":"https:\/\/tigredigital.com.ar\/noticias\/tigre-proyecto-regulacion-alturas-edificacion-vecinos\/","url_meta":{"origin":24093,"position":1},"title":"Desarrollo urbano en Tigre: El Municipio convoca a vecinos para debatir el nuevo proyecto de regulaci\u00f3n de alturas","author":"Daniel Lowy","date":"30 marzo, 2026","format":false,"excerpt":"Con el objetivo de fomentar la planificaci\u00f3n urbana sostenible y el consenso social, el Gobierno local de Tigre ha lanzado una convocatoria abierta a la ciudadan\u00eda para discutir el proyecto de ordenanza que regula las alturas m\u00e1ximas de edificaci\u00f3n en el partido","rel":"","context":"En \u00abComunicaci\u00f3n\u00bb","block_context":{"text":"Comunicaci\u00f3n","link":"https:\/\/tigredigital.com.ar\/noticias\/category\/comunicacion\/"},"img":{"alt_text":"Tigre: El Municipio convoca a vecinos para debatir el nuevo proyecto de regulaci\u00f3n de alturas","src":"https:\/\/i0.wp.com\/tigredigital.com.ar\/noticias\/wp-content\/uploads\/2026\/03\/EDIFICIOS-EN-TIGRE.jpg?resize=350%2C200&ssl=1","width":350,"height":200,"srcset":"https:\/\/i0.wp.com\/tigredigital.com.ar\/noticias\/wp-content\/uploads\/2026\/03\/EDIFICIOS-EN-TIGRE.jpg?resize=350%2C200&ssl=1 1x, https:\/\/i0.wp.com\/tigredigital.com.ar\/noticias\/wp-content\/uploads\/2026\/03\/EDIFICIOS-EN-TIGRE.jpg?resize=525%2C300&ssl=1 1.5x, https:\/\/i0.wp.com\/tigredigital.com.ar\/noticias\/wp-content\/uploads\/2026\/03\/EDIFICIOS-EN-TIGRE.jpg?resize=700%2C400&ssl=1 2x, https:\/\/i0.wp.com\/tigredigital.com.ar\/noticias\/wp-content\/uploads\/2026\/03\/EDIFICIOS-EN-TIGRE.jpg?resize=1050%2C600&ssl=1 3x"},"classes":[]},{"id":23609,"url":"https:\/\/tigredigital.com.ar\/noticias\/julio-zamora-apertura-sesiones-hcd-tigre-2026\/","url_meta":{"origin":24093,"position":2},"title":"Julio Zamora inaugur\u00f3 las Sesiones del Cuerpo Legislativo 2026 y resalt\u00f3 al di\u00e1logo como elemento esencial para el progreso de Tigre","author":"Daniel Lowy","date":"11 marzo, 2026","format":false,"excerpt":"El intendente de Tigre, Julio Zamora, encabez\u00f3 este mi\u00e9rcoles la apertura del per\u00edodo de Sesiones Ordinarias 2026 en el Honorable Concejo Deliberante (HCD). Con un discurso centrado en la eficiencia de la gesti\u00f3n municipal y la necesidad de un di\u00e1logo pol\u00edtico basado en el respeto, el jefe comunal realiz\u00f3 un\u2026","rel":"","context":"En \u00abHCD Tigre\u00bb","block_context":{"text":"HCD Tigre","link":"https:\/\/tigredigital.com.ar\/noticias\/category\/hcd-tigre\/"},"img":{"alt_text":"El intendente de Tigre, Julio Zamora, encabez\u00f3 este mi\u00e9rcoles la apertura del per\u00edodo de Sesiones Ordinarias 2026 en el Honorable Concejo Deliberante (HCD). Con un discurso centrado en la eficiencia de la gesti\u00f3n municipal y la necesidad de un di\u00e1logo pol\u00edtico basado en el respeto","src":"https:\/\/i0.wp.com\/tigredigital.com.ar\/noticias\/wp-content\/uploads\/2026\/03\/snapshot2.png?resize=350%2C200&ssl=1","width":350,"height":200,"srcset":"https:\/\/i0.wp.com\/tigredigital.com.ar\/noticias\/wp-content\/uploads\/2026\/03\/snapshot2.png?resize=350%2C200&ssl=1 1x, https:\/\/i0.wp.com\/tigredigital.com.ar\/noticias\/wp-content\/uploads\/2026\/03\/snapshot2.png?resize=525%2C300&ssl=1 1.5x, https:\/\/i0.wp.com\/tigredigital.com.ar\/noticias\/wp-content\/uploads\/2026\/03\/snapshot2.png?resize=700%2C400&ssl=1 2x, https:\/\/i0.wp.com\/tigredigital.com.ar\/noticias\/wp-content\/uploads\/2026\/03\/snapshot2.png?resize=1050%2C600&ssl=1 3x, https:\/\/i0.wp.com\/tigredigital.com.ar\/noticias\/wp-content\/uploads\/2026\/03\/snapshot2.png?resize=1400%2C800&ssl=1 4x"},"classes":[]},{"id":21383,"url":"https:\/\/tigredigital.com.ar\/noticias\/tigre-se-trabaja-en-medidas-para-garantizar-un-desarrollo-urbano-ordenado-eficiente-y-con-seguridad-juridica\/","url_meta":{"origin":24093,"position":3},"title":"Tigre: se trabaja en medidas para garantizar un desarrollo urbano ordenado, eficiente y con seguridad jur\u00eddica","author":"Daniel Lowy","date":"28 marzo, 2025","format":false,"excerpt":"El Municipio de Tigre trabaja en la implementaci\u00f3n de nuevas normativas destinadas a regular las alturas en las futuras edificaciones de la ciudad teniendo en cuenta el incremento demogr\u00e1fico, urbano y de infraestructura cloacal y de servicios que creci\u00f3 exponencialmente desde los a\u00f1os '90 hasta la actualidad","rel":"","context":"En \u00abEspacios p\u00fablicos\u00bb","block_context":{"text":"Espacios p\u00fablicos","link":"https:\/\/tigredigital.com.ar\/noticias\/category\/espacios-publicos\/"},"img":{"alt_text":"","src":"https:\/\/i0.wp.com\/tigredigital.com.ar\/noticias\/wp-content\/uploads\/2025\/03\/unnamed-1-9.jpg?resize=350%2C200&ssl=1","width":350,"height":200,"srcset":"https:\/\/i0.wp.com\/tigredigital.com.ar\/noticias\/wp-content\/uploads\/2025\/03\/unnamed-1-9.jpg?resize=350%2C200&ssl=1 1x, https:\/\/i0.wp.com\/tigredigital.com.ar\/noticias\/wp-content\/uploads\/2025\/03\/unnamed-1-9.jpg?resize=525%2C300&ssl=1 1.5x, https:\/\/i0.wp.com\/tigredigital.com.ar\/noticias\/wp-content\/uploads\/2025\/03\/unnamed-1-9.jpg?resize=700%2C400&ssl=1 2x, https:\/\/i0.wp.com\/tigredigital.com.ar\/noticias\/wp-content\/uploads\/2025\/03\/unnamed-1-9.jpg?resize=1050%2C600&ssl=1 3x"},"classes":[]},{"id":23219,"url":"https:\/\/tigredigital.com.ar\/noticias\/tigre-abre-el-debate-los-vecinos-podran-opinar-sobre-el-nuevo-limite-de-altura-para-edificios\/","url_meta":{"origin":24093,"position":4},"title":"Tigre abre el debate: Los vecinos podr\u00e1n opinar sobre el nuevo l\u00edmite de altura para edificios","author":"Daniel Lowy","date":"3 febrero, 2026","format":false,"excerpt":"El Municipio de Tigre ha puesto en marcha una iniciativa clave para el ordenamiento urbano del partido: un proyecto de ordenanza que busca establecer l\u00edmites estrictos a las alturas de las nuevas edificaciones. En un paso hacia la transparencia y la participaci\u00f3n ciudadana, el Gobierno local abri\u00f3 formalmente la convocatoria\u2026","rel":"","context":"En \u00abComunicaci\u00f3n\u00bb","block_context":{"text":"Comunicaci\u00f3n","link":"https:\/\/tigredigital.com.ar\/noticias\/category\/comunicacion\/"},"img":{"alt_text":"","src":"https:\/\/i0.wp.com\/tigredigital.com.ar\/noticias\/wp-content\/uploads\/2025\/12\/2008_009.jpg?resize=350%2C200&ssl=1","width":350,"height":200,"srcset":"https:\/\/i0.wp.com\/tigredigital.com.ar\/noticias\/wp-content\/uploads\/2025\/12\/2008_009.jpg?resize=350%2C200&ssl=1 1x, https:\/\/i0.wp.com\/tigredigital.com.ar\/noticias\/wp-content\/uploads\/2025\/12\/2008_009.jpg?resize=525%2C300&ssl=1 1.5x, https:\/\/i0.wp.com\/tigredigital.com.ar\/noticias\/wp-content\/uploads\/2025\/12\/2008_009.jpg?resize=700%2C400&ssl=1 2x, https:\/\/i0.wp.com\/tigredigital.com.ar\/noticias\/wp-content\/uploads\/2025\/12\/2008_009.jpg?resize=1050%2C600&ssl=1 3x"},"classes":[]},{"id":18973,"url":"https:\/\/tigredigital.com.ar\/noticias\/el-concejo-deliberante-de-tigre-homenajeo-a-los-caidos-en-malvinas\/","url_meta":{"origin":24093,"position":5},"title":"El Concejo Deliberante de Tigre homenaje\u00f3 a los ca\u00eddos en Malvinas","author":"Daniel Lowy","date":"5 abril, 2024","format":false,"excerpt":"El acto se llev\u00f3 adelante con la presencia del presidente del HCD, Miguel Escalante, concejales, vecinos y vecinas. Durante la ceremonia se realiz\u00f3 la imposici\u00f3n del nombre \u201cMalvinas Argentinas\u201d a la sala de prensa del recinto legislativo, formalizado a trav\u00e9s de un Proyecto de Decreto aprobado de manera un\u00e1nime por\u2026","rel":"","context":"En \u00abAniversarios\u00bb","block_context":{"text":"Aniversarios","link":"https:\/\/tigredigital.com.ar\/noticias\/category\/aniversarios\/"},"img":{"alt_text":"","src":"https:\/\/i0.wp.com\/tigredigital.com.ar\/noticias\/wp-content\/uploads\/2024\/04\/unnamed-4.jpg?resize=350%2C200&ssl=1","width":350,"height":200,"srcset":"https:\/\/i0.wp.com\/tigredigital.com.ar\/noticias\/wp-content\/uploads\/2024\/04\/unnamed-4.jpg?resize=350%2C200&ssl=1 1x, https:\/\/i0.wp.com\/tigredigital.com.ar\/noticias\/wp-content\/uploads\/2024\/04\/unnamed-4.jpg?resize=525%2C300&ssl=1 1.5x, https:\/\/i0.wp.com\/tigredigital.com.ar\/noticias\/wp-content\/uploads\/2024\/04\/unnamed-4.jpg?resize=700%2C400&ssl=1 2x, https:\/\/i0.wp.com\/tigredigital.com.ar\/noticias\/wp-content\/uploads\/2024\/04\/unnamed-4.jpg?resize=1050%2C600&ssl=1 3x, https:\/\/i0.wp.com\/tigredigital.com.ar\/noticias\/wp-content\/uploads\/2024\/04\/unnamed-4.jpg?resize=1400%2C800&ssl=1 4x"},"classes":[]}],"_links":{"self":[{"href":"https:\/\/tigredigital.com.ar\/noticias\/wp-json\/wp\/v2\/posts\/24093","targetHints":{"allow":["GET"]}}],"collection":[{"href":"https:\/\/tigredigital.com.ar\/noticias\/wp-json\/wp\/v2\/posts"}],"about":[{"href":"https:\/\/tigredigital.com.ar\/noticias\/wp-json\/wp\/v2\/types\/post"}],"author":[{"embeddable":true,"href":"https:\/\/tigredigital.com.ar\/noticias\/wp-json\/wp\/v2\/users\/2"}],"replies":[{"embeddable":true,"href":"https:\/\/tigredigital.com.ar\/noticias\/wp-json\/wp\/v2\/comments?post=24093"}],"version-history":[{"count":1,"href":"https:\/\/tigredigital.com.ar\/noticias\/wp-json\/wp\/v2\/posts\/24093\/revisions"}],"predecessor-version":[{"id":24096,"href":"https:\/\/tigredigital.com.ar\/noticias\/wp-json\/wp\/v2\/posts\/24093\/revisions\/24096"}],"wp:featuredmedia":[{"embeddable":true,"href":"https:\/\/tigredigital.com.ar\/noticias\/wp-json\/wp\/v2\/media\/24095"}],"wp:attachment":[{"href":"https:\/\/tigredigital.com.ar\/noticias\/wp-json\/wp\/v2\/media?parent=24093"}],"wp:term":[{"taxonomy":"category","embeddable":true,"href":"https:\/\/tigredigital.com.ar\/noticias\/wp-json\/wp\/v2\/categories?post=24093"},{"taxonomy":"post_tag","embeddable":true,"href":"https:\/\/tigredigital.com.ar\/noticias\/wp-json\/wp\/v2\/tags?post=24093"}],"curies":[{"name":"wp","href":"https:\/\/api.w.org\/{rel}","templated":true}]}}