{"id":24075,"date":"2026-04-27T09:01:27","date_gmt":"2026-04-27T12:01:27","guid":{"rendered":"https:\/\/tigredigital.com.ar\/noticias\/?p=24075"},"modified":"2026-04-27T09:01:30","modified_gmt":"2026-04-27T12:01:30","slug":"aniversario-83-barrio-las-tunas-tigre","status":"publish","type":"post","link":"https:\/\/tigredigital.com.ar\/noticias\/aniversario-83-barrio-las-tunas-tigre\/","title":{"rendered":"Con una fiesta familiar, la comunidad de Las Tunas celebr\u00f3 su 83\u00b0 aniversario"},"content":{"rendered":"\n<h4 class=\"wp-block-heading\"><strong>El intendente de Tigre y la secretaria de Educaci\u00f3n y Promoci\u00f3n Social participaron de la ceremonia oficial realizada en la localidad de General Pacheco. La jornada incluy\u00f3 actividades recreativas, entrega de distinciones a instituciones y un operativo preventivo de seguridad<\/strong><\/h4>\n\n\n\n<!--more-->\n<!--noteaser-->\n\n\n\n<p>El intendente de Tigre, Julio Zamora, junto a la secretaria de Educaci\u00f3n y Promoci\u00f3n Social, Gisela Zamora, participaron de la jornada organizada por la administraci\u00f3n local en el barrio <a href=\"https:\/\/tigredigital.com.ar\/noticias\/en-las-tunas-autoridades-municipales-acompanaron-el-9-aniversario-del-centro-de-entrenamiento-cristiano-genesis\/\" target=\"_blank\" rel=\"noreferrer noopener\">Las Tunas<\/a>, con motivo de cumplirse el 83\u00b0 aniversario de la localidad. El evento se llev\u00f3 a cabo en la plaza Soldados de Malvinas, ubicada en <a href=\"https:\/\/tigredigital.com.ar\/noticias\/aniversario-150-general-pacheco-tigre\/\" target=\"_blank\" rel=\"noreferrer noopener\">General Pacheco<\/a>, y cont\u00f3 con la presencia de vecinos, representantes de instituciones y artistas locales. Durante el encuentro, se realiz\u00f3 el tradicional corte de torta y se desarrollaron propuestas recreativas destinadas a las familias presentes.<\/p>\n\n\n\n<p><\/p>\n\n\n\n<figure class=\"wp-block-embed aligncenter is-type-video is-provider-youtube wp-block-embed-youtube wp-embed-aspect-16-9 wp-has-aspect-ratio\"><div class=\"wp-block-embed__wrapper\">\n<iframe loading=\"lazy\" title=\"Con una fiesta familiar, la comunidad de Las Tunas celebr\u00f3 su 83\u00b0 aniversario\" width=\"525\" height=\"295\" src=\"https:\/\/www.youtube.com\/embed\/PzAfeG2Ikok?feature=oembed\" frameborder=\"0\" allow=\"accelerometer; autoplay; clipboard-write; encrypted-media; gyroscope; picture-in-picture; web-share\" referrerpolicy=\"strict-origin-when-cross-origin\" allowfullscreen><\/iframe>\n<\/div><figcaption class=\"wp-element-caption\"><strong>Autoridades de Tigre acompa\u00f1aron a las familias de Las Tunas en la celebraci\u00f3n del 83\u00b0 aniversario de la localidad de General Pacheco<\/strong><\/figcaption><\/figure>\n\n\n\n<p><\/p>\n\n\n\n<p>\u201cEs una fiesta donde reconocimos a vecinos y vecinas con una larga trayectoria en el barrio. Se nota que hay un trabajo en la comunidad a trav\u00e9s de los merenderos, sociedades de fomento y otras entidades. Hay una labor muy fecunda con las instituciones de Tigre\u201d, indic\u00f3 el jefe distrital.\u00a0<\/p>\n\n\n\n<h2 class=\"wp-block-heading\"><strong>Actividades institucionales y reconocimientos<\/strong><\/h2>\n\n\n\n<p>La programaci\u00f3n del aniversario integr\u00f3 la participaci\u00f3n de los artesanos de la feria \u00abOrigen Tigre\u00bb y la instalaci\u00f3n de stands informativos y de servicios municipales. Entre los espacios presentes, se destacaron las \u00e1reas de Salud, Tarjeta Soy Tigre, Mujeres, G\u00e9neros e Infancias, Educaci\u00f3n, Cultura y Deportes. Durante la ceremonia, los funcionarios entregaron reconocimientos a entidades de bien p\u00fablico, vecinos con trayectoria en la comunidad y ex combatientes de Malvinas. Estas distinciones buscaron destacar la labor que desarrollan las organizaciones sociales y las personas en la articulaci\u00f3n de pol\u00edticas barriales.<\/p>\n\n\n\n<p>\u201cDesde el Municipio promovemos el encuentro. El barrio tiene muchos desaf\u00edos por delante que tenemos que afrontar juntos y queremos que Tigre sea el faro. Vemos muchas familias disfrutando de los juegos: estos espacios son importantes porque es donde intercambiamos con los vecinos y vecinas\u201d, enfatiz\u00f3 Gisela Zamora.<\/p>\n\n\n\n<p><\/p>\n\n\n<div class=\"wp-block-image\">\n<figure class=\"aligncenter size-full\"><a href=\"https:\/\/tigredigital.com.ar\/noticias\/wp-content\/uploads\/2026\/04\/snapshot1-4.png\"><img loading=\"lazy\" decoding=\"async\" width=\"854\" height=\"480\" src=\"https:\/\/tigredigital.com.ar\/noticias\/wp-content\/uploads\/2026\/04\/snapshot1-4.png\" alt=\"\" class=\"wp-image-24077\" srcset=\"https:\/\/tigredigital.com.ar\/noticias\/wp-content\/uploads\/2026\/04\/snapshot1-4.png 854w, https:\/\/tigredigital.com.ar\/noticias\/wp-content\/uploads\/2026\/04\/snapshot1-4-300x169.png 300w, https:\/\/tigredigital.com.ar\/noticias\/wp-content\/uploads\/2026\/04\/snapshot1-4-768x432.png 768w\" sizes=\"auto, (max-width: 767px) 89vw, (max-width: 1000px) 54vw, (max-width: 1071px) 543px, 580px\" \/><\/a><figcaption class=\"wp-element-caption\"><em><strong>De los festejos por un nuevo aniversario de la localidad tigrense de Las Tunas participaron artistas locales y tambi\u00e9n se realiz\u00f3 la entrega de reconocimientos a instituciones y vecinos<\/strong><\/em><\/figcaption><\/figure>\n<\/div>\n\n\n<p><\/p>\n\n\n\n<h2 class=\"wp-block-heading\"><strong>Operativo de asistencia y seguridad<\/strong><\/h2>\n\n\n\n<p>Con el objetivo de garantizar el desarrollo de la actividad, la Secretar\u00eda de Protecci\u00f3n Ciudadana del Municipio de Tigre dispuso la implementaci\u00f3n de un dispositivo preventivo. El operativo cont\u00f3 con la presencia de agentes del <a href=\"https:\/\/tigredigital.com.ar\/noticias\/detencion-robo-general-pacheco-cot\/\" target=\"_blank\" rel=\"noreferrer noopener\">Centro de Operaciones Tigre<\/a> (COT), personal de Tr\u00e1nsito y equipos m\u00e9dicos del Sistema de Emergencias Tigre (SET). Estas unidades permanecieron en el lugar para coordinar la log\u00edstica del encuentro y brindar asistencia en caso de requerirse, asegurando el cumplimiento de las normativas de seguridad en el espacio p\u00fablico.<\/p>\n\n\n\n<p>\u201cHace muchos a\u00f1os que vivo ac\u00e1, est\u00e1n buenas est\u00e1s actividades porque los chicos se divierten. Vine con mi familia y es importante compartir un poco al aire libre\u201d, se\u00f1al\u00f3 Adri\u00e1n vecino de la localidad.\u00a0<\/p>\n\n\n\n<h2 class=\"wp-block-heading\"><strong>Autor<\/strong><\/h2>\n\n\n\n<div class=\"wp-block-media-text is-stacked-on-mobile is-vertically-aligned-top\" style=\"grid-template-columns:15% auto\"><figure class=\"wp-block-media-text__media\"><img loading=\"lazy\" decoding=\"async\" width=\"358\" height=\"460\" src=\"https:\/\/tigredigital.com.ar\/noticias\/wp-content\/uploads\/2026\/02\/Gemini_Generated_Image_vviqdfvviqdfvviq.png\" alt=\"\" class=\"wp-image-23337 size-thumbnail\" srcset=\"https:\/\/tigredigital.com.ar\/noticias\/wp-content\/uploads\/2026\/02\/Gemini_Generated_Image_vviqdfvviqdfvviq.png 358w, https:\/\/tigredigital.com.ar\/noticias\/wp-content\/uploads\/2026\/02\/Gemini_Generated_Image_vviqdfvviqdfvviq-233x300.png 233w\" sizes=\"auto, (max-width: 358px) 100vw, 358px\" \/><\/figure><div class=\"wp-block-media-text__content\">\n<h4 class=\"wp-block-heading\"><strong>Daniel Lowy<\/strong><\/h4>\n\n\n\n<p>Director General, editor y responsable editorial del portal digital de noticias \u00abTigre Digital Noticias\u00bb<\/p>\n\n\n\n<p>&#8212;&#8212;&#8212;&#8212;&#8212;&#8212;&#8212;&#8212;&#8212;&#8212;&#8212;&#8212;&#8212;&#8212;&#8212;&#8212;&#8212;&#8212;&#8212;&#8212;&#8211;<\/p>\n<\/div><\/div>\n\n\n\n<p><\/p>\n\n\n<div class=\"wp-block-image\">\n<figure class=\"aligncenter size-full is-resized\"><a href=\"https:\/\/tigredigital.com.ar\/noticias\/wp-content\/uploads\/2026\/04\/GIF-TIGRE-ES-SEGURIDAD-2026-700X700.gif\"><img loading=\"lazy\" decoding=\"async\" width=\"700\" height=\"700\" src=\"https:\/\/tigredigital.com.ar\/noticias\/wp-content\/uploads\/2026\/04\/GIF-TIGRE-ES-SEGURIDAD-2026-700X700.gif\" alt=\"\" class=\"wp-image-23831\" style=\"width:438px;height:auto\"\/><\/a><\/figure>\n<\/div>\n\n\n<p><\/p>\n\n\n\n<h2 class=\"wp-block-heading\"><strong>M\u00e1s Noticias<\/strong><\/h2>\n\n\n<ul class=\"wp-block-latest-posts__list is-grid columns-2 has-author aligncenter wp-block-latest-posts\"><li><div class=\"wp-block-latest-posts__featured-image aligncenter\"><a href=\"https:\/\/tigredigital.com.ar\/noticias\/violento-choque-entre-un-auto-y-una-moto-en-rincon-de-milberg\/\" aria-label=\"Violento choque entre un auto y una moto en Rinc\u00f3n de Milberg\"><img loading=\"lazy\" decoding=\"async\" width=\"300\" height=\"169\" src=\"https:\/\/tigredigital.com.ar\/noticias\/wp-content\/uploads\/2026\/05\/snapshot8-300x169.png\" class=\"attachment-medium size-medium wp-post-image\" alt=\"\" style=\"\" srcset=\"https:\/\/tigredigital.com.ar\/noticias\/wp-content\/uploads\/2026\/05\/snapshot8-300x169.png 300w, https:\/\/tigredigital.com.ar\/noticias\/wp-content\/uploads\/2026\/05\/snapshot8-1024x576.png 1024w, https:\/\/tigredigital.com.ar\/noticias\/wp-content\/uploads\/2026\/05\/snapshot8-768x432.png 768w, https:\/\/tigredigital.com.ar\/noticias\/wp-content\/uploads\/2026\/05\/snapshot8.png 1280w\" sizes=\"auto, 100vw\" \/><\/a><\/div><a class=\"wp-block-latest-posts__post-title\" href=\"https:\/\/tigredigital.com.ar\/noticias\/violento-choque-entre-un-auto-y-una-moto-en-rincon-de-milberg\/\">Violento choque entre un auto y una moto en Rinc\u00f3n de Milberg<\/a><div class=\"wp-block-latest-posts__post-author\">por Daniel Lowy<\/div><\/li>\n<li><div class=\"wp-block-latest-posts__featured-image aligncenter\"><a href=\"https:\/\/tigredigital.com.ar\/noticias\/julio-zamora-acto-peronismo-dia-trabajador-talar\/\" aria-label=\"Julio Zamora encabez\u00f3 un encuentro con la militancia por el D\u00eda del Trabajador en El Talar\"><img loading=\"lazy\" decoding=\"async\" width=\"300\" height=\"200\" src=\"https:\/\/tigredigital.com.ar\/noticias\/wp-content\/uploads\/2026\/05\/unnamed-300x200.jpg\" class=\"attachment-medium size-medium wp-post-image\" alt=\"El Peronismo de Tigre realiz\u00f3 un multitudinario acto por el D\u00eda del Trabajador, encabezado por el intendente Julio Zamora. All\u00ed, brind\u00f3 un mensaje enfocado en recuperar la historia, reorganizarse para defender a los sectores m\u00e1s vulnerables y cuestion\u00f3 a quienes act\u00faan de manera contradictoria cuando son oposici\u00f3n.\" style=\"\" srcset=\"https:\/\/tigredigital.com.ar\/noticias\/wp-content\/uploads\/2026\/05\/unnamed-300x200.jpg 300w, https:\/\/tigredigital.com.ar\/noticias\/wp-content\/uploads\/2026\/05\/unnamed-1024x682.jpg 1024w, https:\/\/tigredigital.com.ar\/noticias\/wp-content\/uploads\/2026\/05\/unnamed-768x512.jpg 768w, https:\/\/tigredigital.com.ar\/noticias\/wp-content\/uploads\/2026\/05\/unnamed-1536x1023.jpg 1536w, https:\/\/tigredigital.com.ar\/noticias\/wp-content\/uploads\/2026\/05\/unnamed.jpg 1600w\" sizes=\"auto, 100vw\" \/><\/a><\/div><a class=\"wp-block-latest-posts__post-title\" href=\"https:\/\/tigredigital.com.ar\/noticias\/julio-zamora-acto-peronismo-dia-trabajador-talar\/\">Julio Zamora encabez\u00f3 un encuentro con la militancia por el D\u00eda del Trabajador en El Talar<\/a><div class=\"wp-block-latest-posts__post-author\">por Daniel Lowy<\/div><\/li>\n<li><div class=\"wp-block-latest-posts__featured-image aligncenter\"><a href=\"https:\/\/tigredigital.com.ar\/noticias\/el-tigre-boat-club-inauguro-su-guarderia-nautica\/\" aria-label=\"El Tigre Boat Club inaugur\u00f3 su guarder\u00eda n\u00e1utica\"><img loading=\"lazy\" decoding=\"async\" width=\"300\" height=\"200\" src=\"https:\/\/tigredigital.com.ar\/noticias\/wp-content\/uploads\/2026\/05\/unnamed-2-300x200.jpg\" class=\"attachment-medium size-medium wp-post-image\" alt=\"El nuevo galp\u00f3n n\u00e1utico del TBC est\u00e1 ubicado en la Pista nacional de Remos y Canotaje\" style=\"\" srcset=\"https:\/\/tigredigital.com.ar\/noticias\/wp-content\/uploads\/2026\/05\/unnamed-2-300x200.jpg 300w, https:\/\/tigredigital.com.ar\/noticias\/wp-content\/uploads\/2026\/05\/unnamed-2-1024x683.jpg 1024w, https:\/\/tigredigital.com.ar\/noticias\/wp-content\/uploads\/2026\/05\/unnamed-2-768x512.jpg 768w, https:\/\/tigredigital.com.ar\/noticias\/wp-content\/uploads\/2026\/05\/unnamed-2-1536x1024.jpg 1536w, https:\/\/tigredigital.com.ar\/noticias\/wp-content\/uploads\/2026\/05\/unnamed-2.jpg 1620w\" sizes=\"auto, 100vw\" \/><\/a><\/div><a class=\"wp-block-latest-posts__post-title\" href=\"https:\/\/tigredigital.com.ar\/noticias\/el-tigre-boat-club-inauguro-su-guarderia-nautica\/\">El Tigre Boat Club inaugur\u00f3 su guarder\u00eda n\u00e1utica<\/a><div class=\"wp-block-latest-posts__post-author\">por Daniel Lowy<\/div><\/li>\n<li><div class=\"wp-block-latest-posts__featured-image aligncenter\"><a href=\"https:\/\/tigredigital.com.ar\/noticias\/julio-zamora-charla-dia-trabajador-mat\/\" aria-label=\"Julio Zamora encabez\u00f3 un encuentro sobre la historia y el futuro del empleo en el Museo de Arte Tigre\"><img loading=\"lazy\" decoding=\"async\" width=\"300\" height=\"200\" src=\"https:\/\/tigredigital.com.ar\/noticias\/wp-content\/uploads\/2026\/04\/6-300x200.jpg\" class=\"attachment-medium size-medium wp-post-image\" alt=\"\" style=\"\" srcset=\"https:\/\/tigredigital.com.ar\/noticias\/wp-content\/uploads\/2026\/04\/6-300x200.jpg 300w, https:\/\/tigredigital.com.ar\/noticias\/wp-content\/uploads\/2026\/04\/6-1024x683.jpg 1024w, https:\/\/tigredigital.com.ar\/noticias\/wp-content\/uploads\/2026\/04\/6-768x512.jpg 768w, https:\/\/tigredigital.com.ar\/noticias\/wp-content\/uploads\/2026\/04\/6.jpg 1500w\" sizes=\"auto, 100vw\" \/><\/a><\/div><a class=\"wp-block-latest-posts__post-title\" href=\"https:\/\/tigredigital.com.ar\/noticias\/julio-zamora-charla-dia-trabajador-mat\/\">Julio Zamora encabez\u00f3 un encuentro sobre la historia y el futuro del empleo en el Museo de Arte Tigre<\/a><div class=\"wp-block-latest-posts__post-author\">por Daniel Lowy<\/div><\/li>\n<li><div class=\"wp-block-latest-posts__featured-image aligncenter\"><a href=\"https:\/\/tigredigital.com.ar\/noticias\/taller-inclusion-digital-adultos-mayores-ricardo-rojas\/\" aria-label=\"Los adultos mayores de Ricardo Rojas se sumaron a una nueva capacitaci\u00f3n en tecnolog\u00eda\"><img loading=\"lazy\" decoding=\"async\" width=\"300\" height=\"175\" src=\"https:\/\/tigredigital.com.ar\/noticias\/wp-content\/uploads\/2026\/04\/unnamed-300x175.png\" class=\"attachment-medium size-medium wp-post-image\" alt=\"El Gobierno local realiz\u00f3 una jornada de capacitaci\u00f3n en el Polideportivo de Ricardo Rojas, donde se brindaron herramientas pr\u00e1cticas para el uso de celulares, la realizaci\u00f3n de tr\u00e1mites online y la navegaci\u00f3n segura en internet.\" style=\"\" srcset=\"https:\/\/tigredigital.com.ar\/noticias\/wp-content\/uploads\/2026\/04\/unnamed-300x175.png 300w, https:\/\/tigredigital.com.ar\/noticias\/wp-content\/uploads\/2026\/04\/unnamed-1024x597.png 1024w, https:\/\/tigredigital.com.ar\/noticias\/wp-content\/uploads\/2026\/04\/unnamed-768x448.png 768w, https:\/\/tigredigital.com.ar\/noticias\/wp-content\/uploads\/2026\/04\/unnamed.png 1200w\" sizes=\"auto, 100vw\" \/><\/a><\/div><a class=\"wp-block-latest-posts__post-title\" href=\"https:\/\/tigredigital.com.ar\/noticias\/taller-inclusion-digital-adultos-mayores-ricardo-rojas\/\">Los adultos mayores de Ricardo Rojas se sumaron a una nueva capacitaci\u00f3n en tecnolog\u00eda<\/a><div class=\"wp-block-latest-posts__post-author\">por Daniel Lowy<\/div><\/li>\n<li><div class=\"wp-block-latest-posts__featured-image aligncenter\"><a href=\"https:\/\/tigredigital.com.ar\/noticias\/zamora-reclamo-internas-pj-tigre\/\" aria-label=\"El sector que responde a Julio Zamora solicit\u00f3 la inmediata convocatoria a elecciones internas en el PJ de Tigre\"><img loading=\"lazy\" decoding=\"async\" width=\"300\" height=\"200\" src=\"https:\/\/tigredigital.com.ar\/noticias\/wp-content\/uploads\/2026\/04\/unnamed-12-300x200.jpg\" class=\"attachment-medium size-medium wp-post-image\" alt=\"\" style=\"\" srcset=\"https:\/\/tigredigital.com.ar\/noticias\/wp-content\/uploads\/2026\/04\/unnamed-12-300x200.jpg 300w, https:\/\/tigredigital.com.ar\/noticias\/wp-content\/uploads\/2026\/04\/unnamed-12-1024x683.jpg 1024w, https:\/\/tigredigital.com.ar\/noticias\/wp-content\/uploads\/2026\/04\/unnamed-12-768x512.jpg 768w, https:\/\/tigredigital.com.ar\/noticias\/wp-content\/uploads\/2026\/04\/unnamed-12-1536x1024.jpg 1536w, https:\/\/tigredigital.com.ar\/noticias\/wp-content\/uploads\/2026\/04\/unnamed-12.jpg 1620w\" sizes=\"auto, 100vw\" \/><\/a><\/div><a class=\"wp-block-latest-posts__post-title\" href=\"https:\/\/tigredigital.com.ar\/noticias\/zamora-reclamo-internas-pj-tigre\/\">El sector que responde a Julio Zamora solicit\u00f3 la inmediata convocatoria a elecciones internas en el PJ de Tigre<\/a><div class=\"wp-block-latest-posts__post-author\">por Daniel Lowy<\/div><\/li>\n<li><div class=\"wp-block-latest-posts__featured-image aligncenter\"><a href=\"https:\/\/tigredigital.com.ar\/noticias\/detencion-arma-drogas-don-torcuato\/\" aria-label=\"Detenci\u00f3n de dos personas con armamento y estupefacientes tras un incidente vial en Don Torcuato\"><img loading=\"lazy\" decoding=\"async\" width=\"300\" height=\"169\" src=\"https:\/\/tigredigital.com.ar\/noticias\/wp-content\/uploads\/2026\/04\/snapshot1-5-300x169.png\" class=\"attachment-medium size-medium wp-post-image\" alt=\"Todo comenz\u00f3 cuando una moto con dos ocupantes choc\u00f3 a un peat\u00f3n en plena tarde. El hecho fue detectado por un t\u00f3tem del Centro de Operaciones Tigre, lo que deriv\u00f3 en un operativo: quienes conduc\u00edan el rodado fueron detenidos luego de la identificaci\u00f3n de las fuerzas de seguridad.\" style=\"\" srcset=\"https:\/\/tigredigital.com.ar\/noticias\/wp-content\/uploads\/2026\/04\/snapshot1-5-300x169.png 300w, https:\/\/tigredigital.com.ar\/noticias\/wp-content\/uploads\/2026\/04\/snapshot1-5-1024x576.png 1024w, https:\/\/tigredigital.com.ar\/noticias\/wp-content\/uploads\/2026\/04\/snapshot1-5-768x432.png 768w, https:\/\/tigredigital.com.ar\/noticias\/wp-content\/uploads\/2026\/04\/snapshot1-5-1536x864.png 1536w, https:\/\/tigredigital.com.ar\/noticias\/wp-content\/uploads\/2026\/04\/snapshot1-5.png 1920w\" sizes=\"auto, 100vw\" \/><\/a><\/div><a class=\"wp-block-latest-posts__post-title\" href=\"https:\/\/tigredigital.com.ar\/noticias\/detencion-arma-drogas-don-torcuato\/\">Detenci\u00f3n de dos personas con armamento y estupefacientes tras un incidente vial en Don Torcuato<\/a><div class=\"wp-block-latest-posts__post-author\">por Daniel Lowy<\/div><\/li>\n<li><div class=\"wp-block-latest-posts__featured-image aligncenter\"><a href=\"https:\/\/tigredigital.com.ar\/noticias\/tigre-aprueba-ordenanza-limites-altura-urbana\/\" aria-label=\"Tigre establece l\u00edmites a las alturas mediante una nueva ordenanza de ordenamiento urbano\"><img loading=\"lazy\" decoding=\"async\" width=\"300\" height=\"169\" src=\"https:\/\/tigredigital.com.ar\/noticias\/wp-content\/uploads\/2026\/04\/2008_009-300x169.jpg\" class=\"attachment-medium size-medium wp-post-image\" alt=\"\" style=\"\" srcset=\"https:\/\/tigredigital.com.ar\/noticias\/wp-content\/uploads\/2026\/04\/2008_009-300x169.jpg 300w, https:\/\/tigredigital.com.ar\/noticias\/wp-content\/uploads\/2026\/04\/2008_009-1024x576.jpg 1024w, https:\/\/tigredigital.com.ar\/noticias\/wp-content\/uploads\/2026\/04\/2008_009-768x432.jpg 768w, https:\/\/tigredigital.com.ar\/noticias\/wp-content\/uploads\/2026\/04\/2008_009.jpg 1280w\" sizes=\"auto, 100vw\" \/><\/a><\/div><a class=\"wp-block-latest-posts__post-title\" href=\"https:\/\/tigredigital.com.ar\/noticias\/tigre-aprueba-ordenanza-limites-altura-urbana\/\">Tigre establece l\u00edmites a las alturas mediante una nueva ordenanza de ordenamiento urbano<\/a><div class=\"wp-block-latest-posts__post-author\">por Daniel Lowy<\/div><\/li>\n<li><div class=\"wp-block-latest-posts__featured-image aligncenter\"><a href=\"https:\/\/tigredigital.com.ar\/noticias\/apertura-distrital-2026-scouts-tigre-pacheco\/\" aria-label=\"En General Pacheco, grupos scouts de Tigre formalizaron la apertura para sus actividades de este a\u00f1o\"><img loading=\"lazy\" decoding=\"async\" width=\"300\" height=\"200\" src=\"https:\/\/tigredigital.com.ar\/noticias\/wp-content\/uploads\/2026\/04\/unnamed-3-1-300x200.jpg\" class=\"attachment-medium size-medium wp-post-image\" alt=\"\" style=\"\" srcset=\"https:\/\/tigredigital.com.ar\/noticias\/wp-content\/uploads\/2026\/04\/unnamed-3-1-300x200.jpg 300w, https:\/\/tigredigital.com.ar\/noticias\/wp-content\/uploads\/2026\/04\/unnamed-3-1-1024x683.jpg 1024w, https:\/\/tigredigital.com.ar\/noticias\/wp-content\/uploads\/2026\/04\/unnamed-3-1-768x512.jpg 768w, https:\/\/tigredigital.com.ar\/noticias\/wp-content\/uploads\/2026\/04\/unnamed-3-1-1536x1024.jpg 1536w, https:\/\/tigredigital.com.ar\/noticias\/wp-content\/uploads\/2026\/04\/unnamed-3-1.jpg 1620w\" sizes=\"auto, 100vw\" \/><\/a><\/div><a class=\"wp-block-latest-posts__post-title\" href=\"https:\/\/tigredigital.com.ar\/noticias\/apertura-distrital-2026-scouts-tigre-pacheco\/\">En General Pacheco, grupos scouts de Tigre formalizaron la apertura para sus actividades de este a\u00f1o<\/a><div class=\"wp-block-latest-posts__post-author\">por Daniel Lowy<\/div><\/li>\n<li><div class=\"wp-block-latest-posts__featured-image aligncenter\"><a href=\"https:\/\/tigredigital.com.ar\/noticias\/municipio-tigre-inicia-programa-emprendedoras-rodantes\/\" aria-label=\"Comenz\u00f3 en Tigre el programa municipal de capacitaci\u00f3n \u00abEmprendedoras Rodantes\u00bb\"><img loading=\"lazy\" decoding=\"async\" width=\"300\" height=\"180\" src=\"https:\/\/tigredigital.com.ar\/noticias\/wp-content\/uploads\/2026\/04\/EMPRENDEDORAS-RODANTES-300x180.jpg\" class=\"attachment-medium size-medium wp-post-image\" alt=\"Emprendedoras Rodantes es un programa impulsado por el Municipio de Tigre que busca fortalecer la autonom\u00eda econ\u00f3mica de las mujeres del distrito a trav\u00e9s de la formaci\u00f3n en oficios y microemprendimientos\" style=\"\" srcset=\"https:\/\/tigredigital.com.ar\/noticias\/wp-content\/uploads\/2026\/04\/EMPRENDEDORAS-RODANTES-300x180.jpg 300w, https:\/\/tigredigital.com.ar\/noticias\/wp-content\/uploads\/2026\/04\/EMPRENDEDORAS-RODANTES-1024x614.jpg 1024w, https:\/\/tigredigital.com.ar\/noticias\/wp-content\/uploads\/2026\/04\/EMPRENDEDORAS-RODANTES-768x461.jpg 768w, https:\/\/tigredigital.com.ar\/noticias\/wp-content\/uploads\/2026\/04\/EMPRENDEDORAS-RODANTES.jpg 1200w\" sizes=\"auto, 100vw\" \/><\/a><\/div><a class=\"wp-block-latest-posts__post-title\" href=\"https:\/\/tigredigital.com.ar\/noticias\/municipio-tigre-inicia-programa-emprendedoras-rodantes\/\">Comenz\u00f3 en Tigre el programa municipal de capacitaci\u00f3n \u00abEmprendedoras Rodantes\u00bb<\/a><div class=\"wp-block-latest-posts__post-author\">por Daniel Lowy<\/div><\/li>\n<\/ul>\n\n\n<p><\/p>\n\n\n\n<div class=\"wp-block-cover is-light\"><span aria-hidden=\"true\" class=\"wp-block-cover__background has-background-dim\"><\/span><img loading=\"lazy\" decoding=\"async\" width=\"480\" height=\"500\" class=\"wp-block-cover__image-background wp-image-18331\" alt=\"\" src=\"https:\/\/tigredigital.com.ar\/noticias\/wp-content\/uploads\/2023\/11\/LOGO-TIGRE-DIGITAL-CIRCULO.png\" data-object-fit=\"cover\" srcset=\"https:\/\/tigredigital.com.ar\/noticias\/wp-content\/uploads\/2023\/11\/LOGO-TIGRE-DIGITAL-CIRCULO.png 480w, https:\/\/tigredigital.com.ar\/noticias\/wp-content\/uploads\/2023\/11\/LOGO-TIGRE-DIGITAL-CIRCULO-288x300.png 288w\" sizes=\"auto, (max-width: 480px) 100vw, 480px\" \/><div class=\"wp-block-cover__inner-container is-layout-flow wp-block-cover-is-layout-flow\">\n<div class=\"wp-block-group\"><div class=\"wp-block-group__inner-container is-layout-constrained wp-block-group-is-layout-constrained\">\n<div class=\"wp-block-columns is-layout-flex wp-container-core-columns-is-layout-9d6595d7 wp-block-columns-is-layout-flex\">\n<div class=\"wp-block-column is-layout-flow wp-block-column-is-layout-flow\" style=\"flex-basis:100%\">\n<div class=\"wp-block-group alignfull has-background-color has-white-color has-black-background-color has-text-color has-background has-link-color wp-elements-37ea6134c40452122b721bb912a37805\" style=\"min-height:40vh;margin-top:0;margin-bottom:0;padding-top:var(--wp--preset--spacing--60);padding-right:var(--wp--preset--spacing--40);padding-bottom:var(--wp--preset--spacing--60);padding-left:var(--wp--preset--spacing--40)\"><div class=\"wp-block-group__inner-container is-layout-constrained wp-container-core-group-is-layout-27c39f3e wp-block-group-is-layout-constrained\">\n<div class=\"wp-block-columns alignwide has-small-font-size is-layout-flex wp-container-core-columns-is-layout-9d6595d7 wp-block-columns-is-layout-flex\">\n<div class=\"wp-block-column is-layout-flow wp-block-column-is-layout-flow\">\n<p class=\"has-text-align-center\">(1648) Tigre<\/p>\n\n\n\n<p class=\"has-text-align-center\">Buenos Aires<\/p>\n\n\n\n<p class=\"has-text-align-center\">Argentina<\/p>\n\n\n\n<div style=\"height:24px\" aria-hidden=\"true\" class=\"wp-block-spacer\"><\/div>\n<\/div>\n\n\n\n<div class=\"wp-block-column is-vertically-aligned-stretch is-layout-flow wp-block-column-is-layout-flow\">\n<p class=\"has-text-align-center\">Comunicate con nosotros:<\/p>\n\n\n\n<p class=\"has-text-align-center\"><a href=\"contacto@tigredigital.com.ar\" target=\"_blank\" rel=\"noreferrer noopener\">contacto@tigredigital.com.ar<\/a><\/p>\n\n\n<div class=\"wp-block-image\">\n<figure class=\"aligncenter size-full is-resized\"><a href=\"https:\/\/tigredigital.com.ar\/noticias\/\" target=\"_blank\" rel=\"noreferrer noopener\"><img loading=\"lazy\" decoding=\"async\" width=\"480\" height=\"500\" src=\"https:\/\/tigredigital.com.ar\/noticias\/wp-content\/uploads\/2023\/11\/LOGO-TIGRE-DIGITAL-CIRCULO-1.png\" alt=\"\" class=\"wp-image-18332\" style=\"width:98px;height:auto\" srcset=\"https:\/\/tigredigital.com.ar\/noticias\/wp-content\/uploads\/2023\/11\/LOGO-TIGRE-DIGITAL-CIRCULO-1.png 480w, https:\/\/tigredigital.com.ar\/noticias\/wp-content\/uploads\/2023\/11\/LOGO-TIGRE-DIGITAL-CIRCULO-1-288x300.png 288w\" sizes=\"auto, (max-width: 480px) 100vw, 480px\" \/><\/a><\/figure>\n<\/div>\n\n\n<div style=\"height:24px\" aria-hidden=\"true\" class=\"wp-block-spacer\"><\/div>\n<\/div>\n\n\n\n<div class=\"wp-block-column is-layout-flow wp-block-column-is-layout-flow\">\n<p class=\"has-text-align-center\">Adem\u00e1s pod\u00e9s  seguirnos en<\/p>\n\n\n\n<p class=\"has-text-align-center\">nuestras redes sociales:<\/p>\n\n\n\n<div class=\"wp-block-group is-vertical is-content-justification-center is-layout-flex wp-container-core-group-is-layout-bdd043ae wp-block-group-is-layout-flex\">\n<p><a href=\"https:\/\/www.facebook.com\/tigredigital\/\" target=\"_blank\" rel=\"noreferrer noopener\">Facebook<\/a><\/p>\n\n\n\n<p><a href=\"https:\/\/www.instagram.com\/tigredigitalnoticias\/\" target=\"_blank\" rel=\"noreferrer noopener\">Instagram<\/a><\/p>\n\n\n\n<p><a href=\"https:\/\/twitter.com\/digital_tigre\" target=\"_blank\" rel=\"noreferrer noopener\">Twitter<\/a><\/p>\n\n\n\n<p><a href=\"https:\/\/www.youtube.com\/channel\/UC26DeuIB96yC2vbePmuFH5A\" target=\"_blank\" rel=\"noreferrer noopener\">Youtube<\/a><\/p>\n<\/div>\n\n\n\n<div style=\"height:24px\" aria-hidden=\"true\" class=\"wp-block-spacer\"><\/div>\n<\/div>\n<\/div>\n\n\n\n<p class=\"has-text-align-center has-small-font-size\">Proudly powered by <a href=\"https:\/\/wordpress.org\" rel=\"nofollow noopener\" target=\"_blank\">WordPress<\/a> <\/p>\n<\/div><\/div>\n<\/div>\n<\/div>\n<\/div><\/div>\n<\/div><\/div>\n\n\n\n<p><\/p>\n\n\n\n<div class=\"wp-block-jetpack-related-posts\">\n<h2 class=\"wp-block-heading\"><strong>Relacionadas<\/strong><\/h2>\n<\/div>\n","protected":false},"excerpt":{"rendered":"<p>El intendente de Tigre, Julio Zamora, junto a la secretaria de Educaci\u00f3n y Promoci\u00f3n Social, Gisela Zamora, participaron de la jornada organizada por la administraci\u00f3n local en el barrio Las Tunas, con motivo de cumplirse el 83\u00b0 aniversario de la localidad. El evento se llev\u00f3 a cabo en la plaza Soldados de Malvinas, ubicada en General Pacheco, y cont\u00f3 con la presencia de vecinos, representantes de instituciones y artistas locales<\/p>\n","protected":false},"author":2,"featured_media":24078,"comment_status":"open","ping_status":"open","sticky":false,"template":"","format":"standard","meta":{"jetpack_post_was_ever_published":false,"_jetpack_newsletter_access":"","_jetpack_dont_email_post_to_subs":false,"_jetpack_newsletter_tier_id":0,"_jetpack_memberships_contains_paywalled_content":false,"_jetpack_memberships_contains_paid_content":false,"footnotes":"","jetpack_publicize_message":"","jetpack_publicize_feature_enabled":true,"jetpack_social_post_already_shared":true,"jetpack_social_options":{"image_generator_settings":{"template":"highway","enabled":false},"version":2}},"categories":[34,32],"tags":[82,61,56,59,65],"class_list":["post-24075","post","type-post","status-publish","format-standard","has-post-thumbnail","hentry","category-aniversarios","category-localidades","tag-aniversario","tag-general-pacheco","tag-julio-zamora","tag-las-tunas","tag-tigre"],"jetpack_publicize_connections":[],"jetpack_featured_media_url":"https:\/\/tigredigital.com.ar\/noticias\/wp-content\/uploads\/2026\/04\/unnamed-11.jpg","jetpack_sharing_enabled":true,"jetpack_likes_enabled":true,"jetpack-related-posts":[{"id":21606,"url":"https:\/\/tigredigital.com.ar\/noticias\/el-barrio-las-tunas-de-general-pacheco-celebro-su-82-aniversario\/","url_meta":{"origin":24075,"position":0},"title":"El barrio Las Tunas de General Pacheco celebr\u00f3 su 82\u00b0 aniversario","author":"Daniel Lowy","date":"29 abril, 2025","format":false,"excerpt":"El intendente de Tigre particip\u00f3 de la celebraci\u00f3n que se llev\u00f3 adelante en la Plaza Soldados de Malvinas de General Pacheco. La jornada, organizada por el Municipio, cont\u00f3 con artistas locales que tocaron m\u00fasica en vivo, la feria de artesanos Origen Tigre y la entrega de reconocimientos a instituciones y\u2026","rel":"","context":"En \u00abAniversarios\u00bb","block_context":{"text":"Aniversarios","link":"https:\/\/tigredigital.com.ar\/noticias\/category\/aniversarios\/"},"img":{"alt_text":"","src":"https:\/\/i0.wp.com\/tigredigital.com.ar\/noticias\/wp-content\/uploads\/2025\/04\/LAS-TUNAS.png?resize=350%2C200&ssl=1","width":350,"height":200,"srcset":"https:\/\/i0.wp.com\/tigredigital.com.ar\/noticias\/wp-content\/uploads\/2025\/04\/LAS-TUNAS.png?resize=350%2C200&ssl=1 1x, https:\/\/i0.wp.com\/tigredigital.com.ar\/noticias\/wp-content\/uploads\/2025\/04\/LAS-TUNAS.png?resize=525%2C300&ssl=1 1.5x, https:\/\/i0.wp.com\/tigredigital.com.ar\/noticias\/wp-content\/uploads\/2025\/04\/LAS-TUNAS.png?resize=700%2C400&ssl=1 2x, https:\/\/i0.wp.com\/tigredigital.com.ar\/noticias\/wp-content\/uploads\/2025\/04\/LAS-TUNAS.png?resize=1050%2C600&ssl=1 3x"},"classes":[]},{"id":22184,"url":"https:\/\/tigredigital.com.ar\/noticias\/en-las-tunas-autoridades-municipales-acompanaron-el-9-aniversario-del-centro-de-entrenamiento-cristiano-genesis\/","url_meta":{"origin":24075,"position":1},"title":"En Las tunas: autoridades municipales acompa\u00f1aron el 9\u00b0 aniversario del Centro de Entrenamiento Cristiano G\u00e9nesis","author":"Daniel Lowy","date":"15 julio, 2025","format":false,"excerpt":"El intendente de Tigre, Julio Zamora, acompa\u00f1\u00f3 el noveno aniversario del Centro de Entrenamiento Cristiano G\u00e9nesis, Herederos de un Nuevo Tiempo. El encuentro fue en el barrio de Las Tunas de la localidad de General Pacheco, donde el jefe comunal destac\u00f3 el trabajo que realiza el Municipio con las iglesias\u2026","rel":"","context":"En \u00abInstituciones\u00bb","block_context":{"text":"Instituciones","link":"https:\/\/tigredigital.com.ar\/noticias\/category\/instituciones\/"},"img":{"alt_text":"","src":"https:\/\/i0.wp.com\/tigredigital.com.ar\/noticias\/wp-content\/uploads\/2025\/07\/unnamed-3-2.jpg?resize=350%2C200&ssl=1","width":350,"height":200,"srcset":"https:\/\/i0.wp.com\/tigredigital.com.ar\/noticias\/wp-content\/uploads\/2025\/07\/unnamed-3-2.jpg?resize=350%2C200&ssl=1 1x, https:\/\/i0.wp.com\/tigredigital.com.ar\/noticias\/wp-content\/uploads\/2025\/07\/unnamed-3-2.jpg?resize=525%2C300&ssl=1 1.5x, https:\/\/i0.wp.com\/tigredigital.com.ar\/noticias\/wp-content\/uploads\/2025\/07\/unnamed-3-2.jpg?resize=700%2C400&ssl=1 2x, https:\/\/i0.wp.com\/tigredigital.com.ar\/noticias\/wp-content\/uploads\/2025\/07\/unnamed-3-2.jpg?resize=1050%2C600&ssl=1 3x, https:\/\/i0.wp.com\/tigredigital.com.ar\/noticias\/wp-content\/uploads\/2025\/07\/unnamed-3-2.jpg?resize=1400%2C800&ssl=1 4x"},"classes":[]},{"id":20823,"url":"https:\/\/tigredigital.com.ar\/noticias\/julio-zamora-encabezo-la-imposicion-de-nombre-aurora-a-la-es-n-46-de-las-tunas\/","url_meta":{"origin":24075,"position":2},"title":"Julio Zamora encabez\u00f3 la imposici\u00f3n de nombre \u00abAurora\u00bb a la ES N\u00b0 46 de Las Tunas","author":"Daniel Lowy","date":"10 diciembre, 2024","format":false,"excerpt":"En Las Tunas \u2013 en la localidad de General Pacheco \u2013 el intendente de Tigre, Julio Zamora, y la secretaria de Desarrollo Social y Pol\u00edticas de Inclusi\u00f3n, Gisela Zamora, participaron del evento de imposici\u00f3n de nombre \u201cAurora\" a la ES N\u00b0 46. Durante el acto, el jefe comunal recorri\u00f3 el\u2026","rel":"","context":"En \u00abEducaci\u00f3n\u00bb","block_context":{"text":"Educaci\u00f3n","link":"https:\/\/tigredigital.com.ar\/noticias\/category\/educacion\/"},"img":{"alt_text":"","src":"https:\/\/i0.wp.com\/tigredigital.com.ar\/noticias\/wp-content\/uploads\/2024\/12\/unnamed-3-3.jpg?resize=350%2C200&ssl=1","width":350,"height":200,"srcset":"https:\/\/i0.wp.com\/tigredigital.com.ar\/noticias\/wp-content\/uploads\/2024\/12\/unnamed-3-3.jpg?resize=350%2C200&ssl=1 1x, https:\/\/i0.wp.com\/tigredigital.com.ar\/noticias\/wp-content\/uploads\/2024\/12\/unnamed-3-3.jpg?resize=525%2C300&ssl=1 1.5x, https:\/\/i0.wp.com\/tigredigital.com.ar\/noticias\/wp-content\/uploads\/2024\/12\/unnamed-3-3.jpg?resize=700%2C400&ssl=1 2x, https:\/\/i0.wp.com\/tigredigital.com.ar\/noticias\/wp-content\/uploads\/2024\/12\/unnamed-3-3.jpg?resize=1050%2C600&ssl=1 3x"},"classes":[]},{"id":20080,"url":"https:\/\/tigredigital.com.ar\/noticias\/julio-zamora-participo-de-la-cena-anual-de-la-fundacion-maria-de-guadalupe\/","url_meta":{"origin":24075,"position":3},"title":"Julio Zamora particip\u00f3 de la cena anual de la Fundaci\u00f3n Mar\u00eda de Guadalupe","author":"Daniel Lowy","date":"30 agosto, 2024","format":false,"excerpt":"El intendente de Tigre, Julio Zamora, acompa\u00f1ado de la concejala Gisela Zamora, asisti\u00f3 a la cena anual de la Fundaci\u00f3n Mar\u00eda de Guadalupe, en el marco de su duod\u00e9cimo aniversario. En el Hip\u00f3dromo de San Isidro, la ceremonia cont\u00f3 con la presencia de diversos referentes de la pol\u00edtica nacional y\u2026","rel":"","context":"En \u00abAniversarios\u00bb","block_context":{"text":"Aniversarios","link":"https:\/\/tigredigital.com.ar\/noticias\/category\/aniversarios\/"},"img":{"alt_text":"","src":"https:\/\/i0.wp.com\/tigredigital.com.ar\/noticias\/wp-content\/uploads\/2024\/08\/unnamed-1-14.jpg?resize=350%2C200&ssl=1","width":350,"height":200,"srcset":"https:\/\/i0.wp.com\/tigredigital.com.ar\/noticias\/wp-content\/uploads\/2024\/08\/unnamed-1-14.jpg?resize=350%2C200&ssl=1 1x, https:\/\/i0.wp.com\/tigredigital.com.ar\/noticias\/wp-content\/uploads\/2024\/08\/unnamed-1-14.jpg?resize=525%2C300&ssl=1 1.5x, https:\/\/i0.wp.com\/tigredigital.com.ar\/noticias\/wp-content\/uploads\/2024\/08\/unnamed-1-14.jpg?resize=700%2C400&ssl=1 2x, https:\/\/i0.wp.com\/tigredigital.com.ar\/noticias\/wp-content\/uploads\/2024\/08\/unnamed-1-14.jpg?resize=1050%2C600&ssl=1 3x"},"classes":[]},{"id":21654,"url":"https:\/\/tigredigital.com.ar\/noticias\/30-aniversario-del-centro-de-jubilados-y-pensionados-el-zorzal-de-general-pacheco\/","url_meta":{"origin":24075,"position":4},"title":"30\u00b0 aniversario del Centro de Jubilados y Pensionados \u00abEl Zorzal\u00bb de General Pacheco","author":"Daniel Lowy","date":"6 mayo, 2025","format":false,"excerpt":"El intendente de Tigre, Julio Zamora, acompa\u00f1ado de la secretaria de Desarrollo Social y Pol\u00edticas de Inclusi\u00f3n, Gisela Zamora, particip\u00f3 del 30\u00b0 aniversario del Centro de Jubilados y Pensionados \"El Zorzal\", en la localidad de General Pacheco. Durante la celebraci\u00f3n, el jefe comunal dialog\u00f3 con la comisi\u00f3n directiva sobre la\u2026","rel":"","context":"En \u00abInstituciones\u00bb","block_context":{"text":"Instituciones","link":"https:\/\/tigredigital.com.ar\/noticias\/category\/instituciones\/"},"img":{"alt_text":"","src":"https:\/\/i0.wp.com\/tigredigital.com.ar\/noticias\/wp-content\/uploads\/2025\/05\/unnamed-4-1.jpg?resize=350%2C200&ssl=1","width":350,"height":200,"srcset":"https:\/\/i0.wp.com\/tigredigital.com.ar\/noticias\/wp-content\/uploads\/2025\/05\/unnamed-4-1.jpg?resize=350%2C200&ssl=1 1x, https:\/\/i0.wp.com\/tigredigital.com.ar\/noticias\/wp-content\/uploads\/2025\/05\/unnamed-4-1.jpg?resize=525%2C300&ssl=1 1.5x, https:\/\/i0.wp.com\/tigredigital.com.ar\/noticias\/wp-content\/uploads\/2025\/05\/unnamed-4-1.jpg?resize=700%2C400&ssl=1 2x, https:\/\/i0.wp.com\/tigredigital.com.ar\/noticias\/wp-content\/uploads\/2025\/05\/unnamed-4-1.jpg?resize=1050%2C600&ssl=1 3x, https:\/\/i0.wp.com\/tigredigital.com.ar\/noticias\/wp-content\/uploads\/2025\/05\/unnamed-4-1.jpg?resize=1400%2C800&ssl=1 4x"},"classes":[]},{"id":15379,"url":"https:\/\/tigredigital.com.ar\/noticias\/decimo-aniversario-de-la-fundacion-maria-de-guadalupe\/","url_meta":{"origin":24075,"position":5},"title":"D\u00e9cimo aniversario de la Fundaci\u00f3n Mar\u00eda de Guadalupe","author":"Daniel Lowy","date":"19 septiembre, 2022","format":false,"excerpt":"El intendente de Tigre particip\u00f3 de la cena anual junto a las autoridades de la instituci\u00f3n y reafirm\u00f3 el compromiso del Municipio para trabajar en pos de la integraci\u00f3n y la promoci\u00f3n educativa de ni\u00f1os, ni\u00f1as y j\u00f3venes del distrito El intendente de Tigre, Julio Zamora, acompa\u00f1\u00f3 el d\u00e9cimo aniversario\u2026","rel":"","context":"En \u00abAniversarios\u00bb","block_context":{"text":"Aniversarios","link":"https:\/\/tigredigital.com.ar\/noticias\/category\/aniversarios\/"},"img":{"alt_text":"","src":"https:\/\/i0.wp.com\/tigredigital.com.ar\/noticias\/wp-content\/uploads\/2022\/09\/1663612647.jpg?resize=350%2C200&ssl=1","width":350,"height":200,"srcset":"https:\/\/i0.wp.com\/tigredigital.com.ar\/noticias\/wp-content\/uploads\/2022\/09\/1663612647.jpg?resize=350%2C200&ssl=1 1x, https:\/\/i0.wp.com\/tigredigital.com.ar\/noticias\/wp-content\/uploads\/2022\/09\/1663612647.jpg?resize=525%2C300&ssl=1 1.5x, https:\/\/i0.wp.com\/tigredigital.com.ar\/noticias\/wp-content\/uploads\/2022\/09\/1663612647.jpg?resize=700%2C400&ssl=1 2x, https:\/\/i0.wp.com\/tigredigital.com.ar\/noticias\/wp-content\/uploads\/2022\/09\/1663612647.jpg?resize=1050%2C600&ssl=1 3x, https:\/\/i0.wp.com\/tigredigital.com.ar\/noticias\/wp-content\/uploads\/2022\/09\/1663612647.jpg?resize=1400%2C800&ssl=1 4x"},"classes":[]}],"_links":{"self":[{"href":"https:\/\/tigredigital.com.ar\/noticias\/wp-json\/wp\/v2\/posts\/24075","targetHints":{"allow":["GET"]}}],"collection":[{"href":"https:\/\/tigredigital.com.ar\/noticias\/wp-json\/wp\/v2\/posts"}],"about":[{"href":"https:\/\/tigredigital.com.ar\/noticias\/wp-json\/wp\/v2\/types\/post"}],"author":[{"embeddable":true,"href":"https:\/\/tigredigital.com.ar\/noticias\/wp-json\/wp\/v2\/users\/2"}],"replies":[{"embeddable":true,"href":"https:\/\/tigredigital.com.ar\/noticias\/wp-json\/wp\/v2\/comments?post=24075"}],"version-history":[{"count":1,"href":"https:\/\/tigredigital.com.ar\/noticias\/wp-json\/wp\/v2\/posts\/24075\/revisions"}],"predecessor-version":[{"id":24079,"href":"https:\/\/tigredigital.com.ar\/noticias\/wp-json\/wp\/v2\/posts\/24075\/revisions\/24079"}],"wp:featuredmedia":[{"embeddable":true,"href":"https:\/\/tigredigital.com.ar\/noticias\/wp-json\/wp\/v2\/media\/24078"}],"wp:attachment":[{"href":"https:\/\/tigredigital.com.ar\/noticias\/wp-json\/wp\/v2\/media?parent=24075"}],"wp:term":[{"taxonomy":"category","embeddable":true,"href":"https:\/\/tigredigital.com.ar\/noticias\/wp-json\/wp\/v2\/categories?post=24075"},{"taxonomy":"post_tag","embeddable":true,"href":"https:\/\/tigredigital.com.ar\/noticias\/wp-json\/wp\/v2\/tags?post=24075"}],"curies":[{"name":"wp","href":"https:\/\/api.w.org\/{rel}","templated":true}]}}