{"id":23996,"date":"2026-04-20T10:04:28","date_gmt":"2026-04-20T13:04:28","guid":{"rendered":"https:\/\/tigredigital.com.ar\/noticias\/?p=23996"},"modified":"2026-04-20T10:04:33","modified_gmt":"2026-04-20T13:04:33","slug":"accidente-moto-repartidor-cot-set","status":"publish","type":"post","link":"https:\/\/tigredigital.com.ar\/noticias\/accidente-moto-repartidor-cot-set\/","title":{"rendered":"El sistema de videovigilancia registr\u00f3 un siniestro vial en la zona c\u00e9ntrica de Tigre"},"content":{"rendered":"\n<p><strong>Un motociclista fue asistido por el Sistema de Protecci\u00f3n Ciudadana tras una colisi\u00f3n en la intersecci\u00f3n de las calles Colorado y Ayacucho. El operativo incluy\u00f3 la intervenci\u00f3n del COT, el SET y la Polic\u00eda de la Provincia de Buenos Aires<\/strong><\/p>\n\n\n\n<!--more-->\n<!--noteaser-->\n\n\n\n<p>El <a href=\"https:\/\/tigredigital.com.ar\/noticias\/detencion-robo-bicicleta-rincon-de-milberg-cot\/\" target=\"_blank\" rel=\"noreferrer noopener\">Centro de Operaciones Tigre (COT)<\/a> registr\u00f3, mediante sus dispositivos de monitoreo urbano, un accidente de tr\u00e1nsito ocurrido en el cruce de Colorado y Ayacucho. El incidente se produjo en horario vespertino cuando un autom\u00f3vil impact\u00f3 la parte posterior de una <a href=\"https:\/\/tigredigital.com.ar\/noticias\/espectacular-accidente-entre-dos-motos-en-troncos-del-talar\/\" target=\"_blank\" rel=\"noreferrer noopener\">motocicleta<\/a>. Seg\u00fan los registros f\u00edlmicos, el conductor del rodado menor disminuy\u00f3 su velocidad de forma brusca, lo que provoc\u00f3 la colisi\u00f3n por parte del veh\u00edculo que circulaba por detr\u00e1s a una velocidad que impidi\u00f3 el frenado a tiempo.<\/p>\n\n\n\n<p><\/p>\n\n\n\n<figure class=\"wp-block-embed aligncenter is-type-video is-provider-youtube wp-block-embed-youtube wp-embed-aspect-16-9 wp-has-aspect-ratio\"><div class=\"wp-block-embed__wrapper\">\n<iframe loading=\"lazy\" title=\"El sistema de videovigilancia registr\u00f3 un siniestro vial en la zona c\u00e9ntrica de Tigre\" width=\"525\" height=\"295\" src=\"https:\/\/www.youtube.com\/embed\/7nbkfJXtbPM?feature=oembed\" frameborder=\"0\" allow=\"accelerometer; autoplay; clipboard-write; encrypted-media; gyroscope; picture-in-picture; web-share\" referrerpolicy=\"strict-origin-when-cross-origin\" allowfullscreen><\/iframe>\n<\/div><figcaption class=\"wp-element-caption\"><strong>El Centro de Operaciones Tigre (COT) registr\u00f3, mediante sus dispositivos de monitoreo urbano, un accidente de tr\u00e1nsito ocurrido enl a zona de la ciudad<\/strong><\/figcaption><\/figure>\n\n\n\n<p><\/p>\n\n\n\n<p>Ante la ca\u00edda del motociclista a la calzada, los operadores del sistema de videovigilancia emitieron una alerta inmediata a las unidades de respuesta m\u00e1s cercanas, iniciando el protocolo de auxilio previsto para la v\u00eda p\u00fablica.<\/p>\n\n\n\n<h2 class=\"wp-block-heading\"><strong>Intervenci\u00f3n de las fuerzas de seguridad y salud<\/strong><\/h2>\n\n\n\n<p>El operativo de asistencia cont\u00f3 con la participaci\u00f3n coordinada de m\u00f3viles del <a href=\"https:\/\/tigredigital.com.ar\/noticias\/detencion-robo-bicicleta-general-pacheco-cot\/\" target=\"_blank\" rel=\"noreferrer noopener\">COT<\/a>, efectivos de la Polic\u00eda de la Provincia de Buenos Aires y personal de la Direcci\u00f3n de Tr\u00e1nsito. M\u00e9dicos del Sistema de Emergencias Tigre (SET) brindaron las primeras curaciones en el lugar del siniestro. Tras la evaluaci\u00f3n inicial, se dispuso el traslado del motociclista, quien se desempe\u00f1a como repartidor de servicios de mensajer\u00eda, hacia el Hospital Magdalena V. de Mart\u00ednez en la localidad de General Pacheco.<\/p>\n\n\n\n<p>El centro de salud inform\u00f3 que el paciente ingres\u00f3 con heridas de car\u00e1cter leve y que su estado de salud no presenta riesgos para su vida.<\/p>\n\n\n\n<p><\/p>\n\n\n<div class=\"wp-block-image\">\n<figure class=\"aligncenter size-large\"><a href=\"https:\/\/tigredigital.com.ar\/noticias\/wp-content\/uploads\/2026\/04\/snapshot4.png\"><img loading=\"lazy\" decoding=\"async\" width=\"1024\" height=\"576\" src=\"https:\/\/tigredigital.com.ar\/noticias\/wp-content\/uploads\/2026\/04\/snapshot4-1024x576.png\" alt=\"\" class=\"wp-image-23999\" srcset=\"https:\/\/tigredigital.com.ar\/noticias\/wp-content\/uploads\/2026\/04\/snapshot4-1024x576.png 1024w, https:\/\/tigredigital.com.ar\/noticias\/wp-content\/uploads\/2026\/04\/snapshot4-300x169.png 300w, https:\/\/tigredigital.com.ar\/noticias\/wp-content\/uploads\/2026\/04\/snapshot4-768x432.png 768w, https:\/\/tigredigital.com.ar\/noticias\/wp-content\/uploads\/2026\/04\/snapshot4-1536x864.png 1536w, https:\/\/tigredigital.com.ar\/noticias\/wp-content\/uploads\/2026\/04\/snapshot4.png 1920w\" sizes=\"auto, (max-width: 767px) 89vw, (max-width: 1000px) 54vw, (max-width: 1071px) 543px, 580px\" \/><\/a><figcaption class=\"wp-element-caption\"><strong>Un motociclista fue asistido por el Sistema de Protecci\u00f3n Ciudadana tras ser embestido por un autom\u00f3vil en Tigre centro<\/strong><\/figcaption><\/figure>\n<\/div>\n\n\n<p><\/p>\n\n\n\n<h2 class=\"wp-block-heading\"><strong>Monitoreo y prevenci\u00f3n en el tr\u00e1nsito urbano<\/strong><\/h2>\n\n\n\n<p>La resoluci\u00f3n del incidente destaca la operatividad de la red de c\u00e1maras municipales para la detecci\u00f3n temprana de eventos que requieren asistencia m\u00e9dica o policial. El sistema permite no solo la identificaci\u00f3n de las causas de los siniestros, sino tambi\u00e9n la agilizaci\u00f3n de los tiempos de respuesta de las ambulancias y patrulleros en \u00e1reas de alta circulaci\u00f3n.<\/p>\n\n\n\n<p>Las actuaciones correspondientes quedaron a disposici\u00f3n de las autoridades competentes para determinar las responsabilidades legales de los conductores involucrados en el hecho.<\/p>\n\n\n\n<h2 class=\"wp-block-heading\"><strong>Autor<\/strong><\/h2>\n\n\n\n<div class=\"wp-block-media-text is-stacked-on-mobile is-vertically-aligned-top\" style=\"grid-template-columns:15% auto\"><figure class=\"wp-block-media-text__media\"><img loading=\"lazy\" decoding=\"async\" width=\"358\" height=\"460\" src=\"https:\/\/tigredigital.com.ar\/noticias\/wp-content\/uploads\/2026\/02\/Gemini_Generated_Image_vviqdfvviqdfvviq.png\" alt=\"\" class=\"wp-image-23337 size-thumbnail\" srcset=\"https:\/\/tigredigital.com.ar\/noticias\/wp-content\/uploads\/2026\/02\/Gemini_Generated_Image_vviqdfvviqdfvviq.png 358w, https:\/\/tigredigital.com.ar\/noticias\/wp-content\/uploads\/2026\/02\/Gemini_Generated_Image_vviqdfvviqdfvviq-233x300.png 233w\" sizes=\"auto, (max-width: 358px) 100vw, 358px\" \/><\/figure><div class=\"wp-block-media-text__content\">\n<h4 class=\"wp-block-heading\"><strong>Daniel Lowy<\/strong><\/h4>\n\n\n\n<p>Director General, editor y responsable editorial del portal digital de noticias \u00abTigre Digital Noticias\u00bb<\/p>\n\n\n\n<p>&#8212;&#8212;&#8212;&#8212;&#8212;&#8212;&#8212;&#8212;&#8212;&#8212;&#8212;&#8212;&#8212;&#8212;&#8212;&#8212;&#8212;&#8212;&#8212;&#8212;&#8211;<\/p>\n<\/div><\/div>\n\n\n\n<p><\/p>\n\n\n<div class=\"wp-block-image\">\n<figure class=\"aligncenter size-full is-resized\"><a href=\"https:\/\/tigredigital.com.ar\/noticias\/wp-content\/uploads\/2026\/04\/GIF-TIGRE-ES-SEGURIDAD-2026-700X700.gif\"><img loading=\"lazy\" decoding=\"async\" width=\"700\" height=\"700\" src=\"https:\/\/tigredigital.com.ar\/noticias\/wp-content\/uploads\/2026\/04\/GIF-TIGRE-ES-SEGURIDAD-2026-700X700.gif\" alt=\"\" class=\"wp-image-23831\" style=\"width:516px;height:auto\"\/><\/a><\/figure>\n<\/div>\n\n\n<p><\/p>\n\n\n\n<h2 class=\"wp-block-heading\"><strong>M\u00e1s Noticias<\/strong><\/h2>\n\n\n<ul class=\"wp-block-latest-posts__list is-grid columns-2 has-author aligncenter wp-block-latest-posts\"><li><div class=\"wp-block-latest-posts__featured-image aligncenter\"><a href=\"https:\/\/tigredigital.com.ar\/noticias\/violento-choque-entre-un-auto-y-una-moto-en-rincon-de-milberg\/\" aria-label=\"Violento choque entre un auto y una moto en Rinc\u00f3n de Milberg\"><img loading=\"lazy\" decoding=\"async\" width=\"300\" height=\"169\" src=\"https:\/\/tigredigital.com.ar\/noticias\/wp-content\/uploads\/2026\/05\/snapshot8-300x169.png\" class=\"attachment-medium size-medium wp-post-image\" alt=\"\" style=\"\" srcset=\"https:\/\/tigredigital.com.ar\/noticias\/wp-content\/uploads\/2026\/05\/snapshot8-300x169.png 300w, https:\/\/tigredigital.com.ar\/noticias\/wp-content\/uploads\/2026\/05\/snapshot8-1024x576.png 1024w, https:\/\/tigredigital.com.ar\/noticias\/wp-content\/uploads\/2026\/05\/snapshot8-768x432.png 768w, https:\/\/tigredigital.com.ar\/noticias\/wp-content\/uploads\/2026\/05\/snapshot8.png 1280w\" sizes=\"auto, 100vw\" \/><\/a><\/div><a class=\"wp-block-latest-posts__post-title\" href=\"https:\/\/tigredigital.com.ar\/noticias\/violento-choque-entre-un-auto-y-una-moto-en-rincon-de-milberg\/\">Violento choque entre un auto y una moto en Rinc\u00f3n de Milberg<\/a><div class=\"wp-block-latest-posts__post-author\">por Daniel Lowy<\/div><\/li>\n<li><div class=\"wp-block-latest-posts__featured-image aligncenter\"><a href=\"https:\/\/tigredigital.com.ar\/noticias\/julio-zamora-acto-peronismo-dia-trabajador-talar\/\" aria-label=\"Julio Zamora encabez\u00f3 un encuentro con la militancia por el D\u00eda del Trabajador en El Talar\"><img loading=\"lazy\" decoding=\"async\" width=\"300\" height=\"200\" src=\"https:\/\/tigredigital.com.ar\/noticias\/wp-content\/uploads\/2026\/05\/unnamed-300x200.jpg\" class=\"attachment-medium size-medium wp-post-image\" alt=\"El Peronismo de Tigre realiz\u00f3 un multitudinario acto por el D\u00eda del Trabajador, encabezado por el intendente Julio Zamora. All\u00ed, brind\u00f3 un mensaje enfocado en recuperar la historia, reorganizarse para defender a los sectores m\u00e1s vulnerables y cuestion\u00f3 a quienes act\u00faan de manera contradictoria cuando son oposici\u00f3n.\" style=\"\" srcset=\"https:\/\/tigredigital.com.ar\/noticias\/wp-content\/uploads\/2026\/05\/unnamed-300x200.jpg 300w, https:\/\/tigredigital.com.ar\/noticias\/wp-content\/uploads\/2026\/05\/unnamed-1024x682.jpg 1024w, https:\/\/tigredigital.com.ar\/noticias\/wp-content\/uploads\/2026\/05\/unnamed-768x512.jpg 768w, https:\/\/tigredigital.com.ar\/noticias\/wp-content\/uploads\/2026\/05\/unnamed-1536x1023.jpg 1536w, https:\/\/tigredigital.com.ar\/noticias\/wp-content\/uploads\/2026\/05\/unnamed.jpg 1600w\" sizes=\"auto, 100vw\" \/><\/a><\/div><a class=\"wp-block-latest-posts__post-title\" href=\"https:\/\/tigredigital.com.ar\/noticias\/julio-zamora-acto-peronismo-dia-trabajador-talar\/\">Julio Zamora encabez\u00f3 un encuentro con la militancia por el D\u00eda del Trabajador en El Talar<\/a><div class=\"wp-block-latest-posts__post-author\">por Daniel Lowy<\/div><\/li>\n<li><div class=\"wp-block-latest-posts__featured-image aligncenter\"><a href=\"https:\/\/tigredigital.com.ar\/noticias\/el-tigre-boat-club-inauguro-su-guarderia-nautica\/\" aria-label=\"El Tigre Boat Club inaugur\u00f3 su guarder\u00eda n\u00e1utica\"><img loading=\"lazy\" decoding=\"async\" width=\"300\" height=\"200\" src=\"https:\/\/tigredigital.com.ar\/noticias\/wp-content\/uploads\/2026\/05\/unnamed-2-300x200.jpg\" class=\"attachment-medium size-medium wp-post-image\" alt=\"El nuevo galp\u00f3n n\u00e1utico del TBC est\u00e1 ubicado en la Pista nacional de Remos y Canotaje\" style=\"\" srcset=\"https:\/\/tigredigital.com.ar\/noticias\/wp-content\/uploads\/2026\/05\/unnamed-2-300x200.jpg 300w, https:\/\/tigredigital.com.ar\/noticias\/wp-content\/uploads\/2026\/05\/unnamed-2-1024x683.jpg 1024w, https:\/\/tigredigital.com.ar\/noticias\/wp-content\/uploads\/2026\/05\/unnamed-2-768x512.jpg 768w, https:\/\/tigredigital.com.ar\/noticias\/wp-content\/uploads\/2026\/05\/unnamed-2-1536x1024.jpg 1536w, https:\/\/tigredigital.com.ar\/noticias\/wp-content\/uploads\/2026\/05\/unnamed-2.jpg 1620w\" sizes=\"auto, 100vw\" \/><\/a><\/div><a class=\"wp-block-latest-posts__post-title\" href=\"https:\/\/tigredigital.com.ar\/noticias\/el-tigre-boat-club-inauguro-su-guarderia-nautica\/\">El Tigre Boat Club inaugur\u00f3 su guarder\u00eda n\u00e1utica<\/a><div class=\"wp-block-latest-posts__post-author\">por Daniel Lowy<\/div><\/li>\n<li><div class=\"wp-block-latest-posts__featured-image aligncenter\"><a href=\"https:\/\/tigredigital.com.ar\/noticias\/julio-zamora-charla-dia-trabajador-mat\/\" aria-label=\"Julio Zamora encabez\u00f3 un encuentro sobre la historia y el futuro del empleo en el Museo de Arte Tigre\"><img loading=\"lazy\" decoding=\"async\" width=\"300\" height=\"200\" src=\"https:\/\/tigredigital.com.ar\/noticias\/wp-content\/uploads\/2026\/04\/6-300x200.jpg\" class=\"attachment-medium size-medium wp-post-image\" alt=\"\" style=\"\" srcset=\"https:\/\/tigredigital.com.ar\/noticias\/wp-content\/uploads\/2026\/04\/6-300x200.jpg 300w, https:\/\/tigredigital.com.ar\/noticias\/wp-content\/uploads\/2026\/04\/6-1024x683.jpg 1024w, https:\/\/tigredigital.com.ar\/noticias\/wp-content\/uploads\/2026\/04\/6-768x512.jpg 768w, https:\/\/tigredigital.com.ar\/noticias\/wp-content\/uploads\/2026\/04\/6.jpg 1500w\" sizes=\"auto, 100vw\" \/><\/a><\/div><a class=\"wp-block-latest-posts__post-title\" href=\"https:\/\/tigredigital.com.ar\/noticias\/julio-zamora-charla-dia-trabajador-mat\/\">Julio Zamora encabez\u00f3 un encuentro sobre la historia y el futuro del empleo en el Museo de Arte Tigre<\/a><div class=\"wp-block-latest-posts__post-author\">por Daniel Lowy<\/div><\/li>\n<li><div class=\"wp-block-latest-posts__featured-image aligncenter\"><a href=\"https:\/\/tigredigital.com.ar\/noticias\/taller-inclusion-digital-adultos-mayores-ricardo-rojas\/\" aria-label=\"Los adultos mayores de Ricardo Rojas se sumaron a una nueva capacitaci\u00f3n en tecnolog\u00eda\"><img loading=\"lazy\" decoding=\"async\" width=\"300\" height=\"175\" src=\"https:\/\/tigredigital.com.ar\/noticias\/wp-content\/uploads\/2026\/04\/unnamed-300x175.png\" class=\"attachment-medium size-medium wp-post-image\" alt=\"El Gobierno local realiz\u00f3 una jornada de capacitaci\u00f3n en el Polideportivo de Ricardo Rojas, donde se brindaron herramientas pr\u00e1cticas para el uso de celulares, la realizaci\u00f3n de tr\u00e1mites online y la navegaci\u00f3n segura en internet.\" style=\"\" srcset=\"https:\/\/tigredigital.com.ar\/noticias\/wp-content\/uploads\/2026\/04\/unnamed-300x175.png 300w, https:\/\/tigredigital.com.ar\/noticias\/wp-content\/uploads\/2026\/04\/unnamed-1024x597.png 1024w, https:\/\/tigredigital.com.ar\/noticias\/wp-content\/uploads\/2026\/04\/unnamed-768x448.png 768w, https:\/\/tigredigital.com.ar\/noticias\/wp-content\/uploads\/2026\/04\/unnamed.png 1200w\" sizes=\"auto, 100vw\" \/><\/a><\/div><a class=\"wp-block-latest-posts__post-title\" href=\"https:\/\/tigredigital.com.ar\/noticias\/taller-inclusion-digital-adultos-mayores-ricardo-rojas\/\">Los adultos mayores de Ricardo Rojas se sumaron a una nueva capacitaci\u00f3n en tecnolog\u00eda<\/a><div class=\"wp-block-latest-posts__post-author\">por Daniel Lowy<\/div><\/li>\n<li><div class=\"wp-block-latest-posts__featured-image aligncenter\"><a href=\"https:\/\/tigredigital.com.ar\/noticias\/zamora-reclamo-internas-pj-tigre\/\" aria-label=\"El sector que responde a Julio Zamora solicit\u00f3 la inmediata convocatoria a elecciones internas en el PJ de Tigre\"><img loading=\"lazy\" decoding=\"async\" width=\"300\" height=\"200\" src=\"https:\/\/tigredigital.com.ar\/noticias\/wp-content\/uploads\/2026\/04\/unnamed-12-300x200.jpg\" class=\"attachment-medium size-medium wp-post-image\" alt=\"\" style=\"\" srcset=\"https:\/\/tigredigital.com.ar\/noticias\/wp-content\/uploads\/2026\/04\/unnamed-12-300x200.jpg 300w, https:\/\/tigredigital.com.ar\/noticias\/wp-content\/uploads\/2026\/04\/unnamed-12-1024x683.jpg 1024w, https:\/\/tigredigital.com.ar\/noticias\/wp-content\/uploads\/2026\/04\/unnamed-12-768x512.jpg 768w, https:\/\/tigredigital.com.ar\/noticias\/wp-content\/uploads\/2026\/04\/unnamed-12-1536x1024.jpg 1536w, https:\/\/tigredigital.com.ar\/noticias\/wp-content\/uploads\/2026\/04\/unnamed-12.jpg 1620w\" sizes=\"auto, 100vw\" \/><\/a><\/div><a class=\"wp-block-latest-posts__post-title\" href=\"https:\/\/tigredigital.com.ar\/noticias\/zamora-reclamo-internas-pj-tigre\/\">El sector que responde a Julio Zamora solicit\u00f3 la inmediata convocatoria a elecciones internas en el PJ de Tigre<\/a><div class=\"wp-block-latest-posts__post-author\">por Daniel Lowy<\/div><\/li>\n<li><div class=\"wp-block-latest-posts__featured-image aligncenter\"><a href=\"https:\/\/tigredigital.com.ar\/noticias\/detencion-arma-drogas-don-torcuato\/\" aria-label=\"Detenci\u00f3n de dos personas con armamento y estupefacientes tras un incidente vial en Don Torcuato\"><img loading=\"lazy\" decoding=\"async\" width=\"300\" height=\"169\" src=\"https:\/\/tigredigital.com.ar\/noticias\/wp-content\/uploads\/2026\/04\/snapshot1-5-300x169.png\" class=\"attachment-medium size-medium wp-post-image\" alt=\"Todo comenz\u00f3 cuando una moto con dos ocupantes choc\u00f3 a un peat\u00f3n en plena tarde. El hecho fue detectado por un t\u00f3tem del Centro de Operaciones Tigre, lo que deriv\u00f3 en un operativo: quienes conduc\u00edan el rodado fueron detenidos luego de la identificaci\u00f3n de las fuerzas de seguridad.\" style=\"\" srcset=\"https:\/\/tigredigital.com.ar\/noticias\/wp-content\/uploads\/2026\/04\/snapshot1-5-300x169.png 300w, https:\/\/tigredigital.com.ar\/noticias\/wp-content\/uploads\/2026\/04\/snapshot1-5-1024x576.png 1024w, https:\/\/tigredigital.com.ar\/noticias\/wp-content\/uploads\/2026\/04\/snapshot1-5-768x432.png 768w, https:\/\/tigredigital.com.ar\/noticias\/wp-content\/uploads\/2026\/04\/snapshot1-5-1536x864.png 1536w, https:\/\/tigredigital.com.ar\/noticias\/wp-content\/uploads\/2026\/04\/snapshot1-5.png 1920w\" sizes=\"auto, 100vw\" \/><\/a><\/div><a class=\"wp-block-latest-posts__post-title\" href=\"https:\/\/tigredigital.com.ar\/noticias\/detencion-arma-drogas-don-torcuato\/\">Detenci\u00f3n de dos personas con armamento y estupefacientes tras un incidente vial en Don Torcuato<\/a><div class=\"wp-block-latest-posts__post-author\">por Daniel Lowy<\/div><\/li>\n<li><div class=\"wp-block-latest-posts__featured-image aligncenter\"><a href=\"https:\/\/tigredigital.com.ar\/noticias\/tigre-aprueba-ordenanza-limites-altura-urbana\/\" aria-label=\"Tigre establece l\u00edmites a las alturas mediante una nueva ordenanza de ordenamiento urbano\"><img loading=\"lazy\" decoding=\"async\" width=\"300\" height=\"169\" src=\"https:\/\/tigredigital.com.ar\/noticias\/wp-content\/uploads\/2026\/04\/2008_009-300x169.jpg\" class=\"attachment-medium size-medium wp-post-image\" alt=\"\" style=\"\" srcset=\"https:\/\/tigredigital.com.ar\/noticias\/wp-content\/uploads\/2026\/04\/2008_009-300x169.jpg 300w, https:\/\/tigredigital.com.ar\/noticias\/wp-content\/uploads\/2026\/04\/2008_009-1024x576.jpg 1024w, https:\/\/tigredigital.com.ar\/noticias\/wp-content\/uploads\/2026\/04\/2008_009-768x432.jpg 768w, https:\/\/tigredigital.com.ar\/noticias\/wp-content\/uploads\/2026\/04\/2008_009.jpg 1280w\" sizes=\"auto, 100vw\" \/><\/a><\/div><a class=\"wp-block-latest-posts__post-title\" href=\"https:\/\/tigredigital.com.ar\/noticias\/tigre-aprueba-ordenanza-limites-altura-urbana\/\">Tigre establece l\u00edmites a las alturas mediante una nueva ordenanza de ordenamiento urbano<\/a><div class=\"wp-block-latest-posts__post-author\">por Daniel Lowy<\/div><\/li>\n<li><div class=\"wp-block-latest-posts__featured-image aligncenter\"><a href=\"https:\/\/tigredigital.com.ar\/noticias\/apertura-distrital-2026-scouts-tigre-pacheco\/\" aria-label=\"En General Pacheco, grupos scouts de Tigre formalizaron la apertura para sus actividades de este a\u00f1o\"><img loading=\"lazy\" decoding=\"async\" width=\"300\" height=\"200\" src=\"https:\/\/tigredigital.com.ar\/noticias\/wp-content\/uploads\/2026\/04\/unnamed-3-1-300x200.jpg\" class=\"attachment-medium size-medium wp-post-image\" alt=\"\" style=\"\" srcset=\"https:\/\/tigredigital.com.ar\/noticias\/wp-content\/uploads\/2026\/04\/unnamed-3-1-300x200.jpg 300w, https:\/\/tigredigital.com.ar\/noticias\/wp-content\/uploads\/2026\/04\/unnamed-3-1-1024x683.jpg 1024w, https:\/\/tigredigital.com.ar\/noticias\/wp-content\/uploads\/2026\/04\/unnamed-3-1-768x512.jpg 768w, https:\/\/tigredigital.com.ar\/noticias\/wp-content\/uploads\/2026\/04\/unnamed-3-1-1536x1024.jpg 1536w, https:\/\/tigredigital.com.ar\/noticias\/wp-content\/uploads\/2026\/04\/unnamed-3-1.jpg 1620w\" sizes=\"auto, 100vw\" \/><\/a><\/div><a class=\"wp-block-latest-posts__post-title\" href=\"https:\/\/tigredigital.com.ar\/noticias\/apertura-distrital-2026-scouts-tigre-pacheco\/\">En General Pacheco, grupos scouts de Tigre formalizaron la apertura para sus actividades de este a\u00f1o<\/a><div class=\"wp-block-latest-posts__post-author\">por Daniel Lowy<\/div><\/li>\n<li><div class=\"wp-block-latest-posts__featured-image aligncenter\"><a href=\"https:\/\/tigredigital.com.ar\/noticias\/municipio-tigre-inicia-programa-emprendedoras-rodantes\/\" aria-label=\"Comenz\u00f3 en Tigre el programa municipal de capacitaci\u00f3n \u00abEmprendedoras Rodantes\u00bb\"><img loading=\"lazy\" decoding=\"async\" width=\"300\" height=\"180\" src=\"https:\/\/tigredigital.com.ar\/noticias\/wp-content\/uploads\/2026\/04\/EMPRENDEDORAS-RODANTES-300x180.jpg\" class=\"attachment-medium size-medium wp-post-image\" alt=\"Emprendedoras Rodantes es un programa impulsado por el Municipio de Tigre que busca fortalecer la autonom\u00eda econ\u00f3mica de las mujeres del distrito a trav\u00e9s de la formaci\u00f3n en oficios y microemprendimientos\" style=\"\" srcset=\"https:\/\/tigredigital.com.ar\/noticias\/wp-content\/uploads\/2026\/04\/EMPRENDEDORAS-RODANTES-300x180.jpg 300w, https:\/\/tigredigital.com.ar\/noticias\/wp-content\/uploads\/2026\/04\/EMPRENDEDORAS-RODANTES-1024x614.jpg 1024w, https:\/\/tigredigital.com.ar\/noticias\/wp-content\/uploads\/2026\/04\/EMPRENDEDORAS-RODANTES-768x461.jpg 768w, https:\/\/tigredigital.com.ar\/noticias\/wp-content\/uploads\/2026\/04\/EMPRENDEDORAS-RODANTES.jpg 1200w\" sizes=\"auto, 100vw\" \/><\/a><\/div><a class=\"wp-block-latest-posts__post-title\" href=\"https:\/\/tigredigital.com.ar\/noticias\/municipio-tigre-inicia-programa-emprendedoras-rodantes\/\">Comenz\u00f3 en Tigre el programa municipal de capacitaci\u00f3n \u00abEmprendedoras Rodantes\u00bb<\/a><div class=\"wp-block-latest-posts__post-author\">por Daniel Lowy<\/div><\/li>\n<\/ul>\n\n\n<p><\/p>\n\n\n\n<div class=\"wp-block-cover is-light\"><span aria-hidden=\"true\" class=\"wp-block-cover__background has-background-dim\"><\/span><img loading=\"lazy\" decoding=\"async\" width=\"480\" height=\"500\" class=\"wp-block-cover__image-background wp-image-18331\" alt=\"\" src=\"https:\/\/tigredigital.com.ar\/noticias\/wp-content\/uploads\/2023\/11\/LOGO-TIGRE-DIGITAL-CIRCULO.png\" data-object-fit=\"cover\" srcset=\"https:\/\/tigredigital.com.ar\/noticias\/wp-content\/uploads\/2023\/11\/LOGO-TIGRE-DIGITAL-CIRCULO.png 480w, https:\/\/tigredigital.com.ar\/noticias\/wp-content\/uploads\/2023\/11\/LOGO-TIGRE-DIGITAL-CIRCULO-288x300.png 288w\" sizes=\"auto, (max-width: 480px) 100vw, 480px\" \/><div class=\"wp-block-cover__inner-container is-layout-flow wp-block-cover-is-layout-flow\">\n<div class=\"wp-block-group\"><div class=\"wp-block-group__inner-container is-layout-constrained wp-block-group-is-layout-constrained\">\n<div class=\"wp-block-columns is-layout-flex wp-container-core-columns-is-layout-9d6595d7 wp-block-columns-is-layout-flex\">\n<div class=\"wp-block-column is-layout-flow wp-block-column-is-layout-flow\" style=\"flex-basis:100%\">\n<div class=\"wp-block-group alignfull has-background-color has-white-color has-black-background-color has-text-color has-background has-link-color wp-elements-37ea6134c40452122b721bb912a37805\" style=\"min-height:40vh;margin-top:0;margin-bottom:0;padding-top:var(--wp--preset--spacing--60);padding-right:var(--wp--preset--spacing--40);padding-bottom:var(--wp--preset--spacing--60);padding-left:var(--wp--preset--spacing--40)\"><div class=\"wp-block-group__inner-container is-layout-constrained wp-container-core-group-is-layout-27c39f3e wp-block-group-is-layout-constrained\">\n<div class=\"wp-block-columns alignwide has-small-font-size is-layout-flex wp-container-core-columns-is-layout-9d6595d7 wp-block-columns-is-layout-flex\">\n<div class=\"wp-block-column is-layout-flow wp-block-column-is-layout-flow\">\n<p class=\"has-text-align-center\">(1648) Tigre<\/p>\n\n\n\n<p class=\"has-text-align-center\">Buenos Aires<\/p>\n\n\n\n<p class=\"has-text-align-center\">Argentina<\/p>\n\n\n\n<div style=\"height:24px\" aria-hidden=\"true\" class=\"wp-block-spacer\"><\/div>\n<\/div>\n\n\n\n<div class=\"wp-block-column is-vertically-aligned-stretch is-layout-flow wp-block-column-is-layout-flow\">\n<p class=\"has-text-align-center\">Comunicate con nosotros:<\/p>\n\n\n\n<p class=\"has-text-align-center\"><a href=\"contacto@tigredigital.com.ar\" target=\"_blank\" rel=\"noreferrer noopener\">contacto@tigredigital.com.ar<\/a><\/p>\n\n\n<div class=\"wp-block-image\">\n<figure class=\"aligncenter size-full is-resized\"><a href=\"https:\/\/tigredigital.com.ar\/noticias\/\" target=\"_blank\" rel=\"noreferrer noopener\"><img loading=\"lazy\" decoding=\"async\" width=\"480\" height=\"500\" src=\"https:\/\/tigredigital.com.ar\/noticias\/wp-content\/uploads\/2023\/11\/LOGO-TIGRE-DIGITAL-CIRCULO-1.png\" alt=\"\" class=\"wp-image-18332\" style=\"width:98px;height:auto\" srcset=\"https:\/\/tigredigital.com.ar\/noticias\/wp-content\/uploads\/2023\/11\/LOGO-TIGRE-DIGITAL-CIRCULO-1.png 480w, https:\/\/tigredigital.com.ar\/noticias\/wp-content\/uploads\/2023\/11\/LOGO-TIGRE-DIGITAL-CIRCULO-1-288x300.png 288w\" sizes=\"auto, (max-width: 480px) 100vw, 480px\" \/><\/a><\/figure>\n<\/div>\n\n\n<div style=\"height:24px\" aria-hidden=\"true\" class=\"wp-block-spacer\"><\/div>\n<\/div>\n\n\n\n<div class=\"wp-block-column is-layout-flow wp-block-column-is-layout-flow\">\n<p class=\"has-text-align-center\">Adem\u00e1s pod\u00e9s  seguirnos en<\/p>\n\n\n\n<p class=\"has-text-align-center\">nuestras redes sociales:<\/p>\n\n\n\n<div class=\"wp-block-group is-vertical is-content-justification-center is-layout-flex wp-container-core-group-is-layout-bdd043ae wp-block-group-is-layout-flex\">\n<p><a href=\"https:\/\/www.facebook.com\/tigredigital\/\" target=\"_blank\" rel=\"noreferrer noopener\">Facebook<\/a><\/p>\n\n\n\n<p><a href=\"https:\/\/www.instagram.com\/tigredigitalnoticias\/\" target=\"_blank\" rel=\"noreferrer noopener\">Instagram<\/a><\/p>\n\n\n\n<p><a href=\"https:\/\/twitter.com\/digital_tigre\" target=\"_blank\" rel=\"noreferrer noopener\">Twitter<\/a><\/p>\n\n\n\n<p><a href=\"https:\/\/www.youtube.com\/channel\/UC26DeuIB96yC2vbePmuFH5A\" target=\"_blank\" rel=\"noreferrer noopener\">Youtube<\/a><\/p>\n<\/div>\n\n\n\n<div style=\"height:24px\" aria-hidden=\"true\" class=\"wp-block-spacer\"><\/div>\n<\/div>\n<\/div>\n\n\n\n<p class=\"has-text-align-center has-small-font-size\">Proudly powered by <a href=\"https:\/\/wordpress.org\" rel=\"nofollow noopener\" target=\"_blank\">WordPress<\/a> <\/p>\n<\/div><\/div>\n<\/div>\n<\/div>\n<\/div><\/div>\n<\/div><\/div>\n\n\n\n<p><\/p>\n\n\n\n<div class=\"wp-block-jetpack-related-posts\">\n<h2 class=\"wp-block-heading\"><strong>Relacionadas<\/strong><\/h2>\n<\/div>\n","protected":false},"excerpt":{"rendered":"<p>El Centro de Operaciones Tigre (COT) registr\u00f3, mediante sus dispositivos de monitoreo urbano, un accidente de tr\u00e1nsito ocurrido en el cruce de Colorado y Ayacucho. El incidente se produjo en horario vespertino cuando un autom\u00f3vil impact\u00f3 la parte posterior de una motocicleta. Seg\u00fan los registros f\u00edlmicos, el conductor del rodado menor disminuy\u00f3 su velocidad de forma brusca, lo que provoc\u00f3 la colisi\u00f3n por parte del veh\u00edculo que circulaba por detr\u00e1s a una velocidad que impidi\u00f3 el frenado a tiempo.<\/p>\n","protected":false},"author":2,"featured_media":24000,"comment_status":"open","ping_status":"open","sticky":false,"template":"","format":"standard","meta":{"jetpack_post_was_ever_published":false,"_jetpack_newsletter_access":"","_jetpack_dont_email_post_to_subs":false,"_jetpack_newsletter_tier_id":0,"_jetpack_memberships_contains_paywalled_content":false,"_jetpack_memberships_contains_paid_content":false,"footnotes":"","jetpack_publicize_message":"","jetpack_publicize_feature_enabled":true,"jetpack_social_post_already_shared":true,"jetpack_social_options":{"image_generator_settings":{"template":"highway","enabled":false},"version":2}},"categories":[412],"tags":[464,863,68,590,65],"class_list":["post-23996","post","type-post","status-publish","format-standard","has-post-thumbnail","hentry","category-cot","tag-accidente-vial","tag-automovil","tag-cot","tag-moto","tag-tigre"],"jetpack_publicize_connections":[],"jetpack_featured_media_url":"https:\/\/tigredigital.com.ar\/noticias\/wp-content\/uploads\/2026\/04\/snapshot3-1.png","jetpack_sharing_enabled":true,"jetpack_likes_enabled":true,"jetpack-related-posts":[{"id":21004,"url":"https:\/\/tigredigital.com.ar\/noticias\/distraidos-accidente-vial-entre-un-automovil-y-una-bicicleta-en-tigre-centro\/","url_meta":{"origin":23996,"position":0},"title":"Distraidos: accidente vial entre un autom\u00f3vil y una bicicleta en Tigre centro","author":"Daniel Lowy","date":"25 enero, 2025","format":false,"excerpt":"Las c\u00e1maras del Centro de Operaciones Tigre (COT) visualizaron un accidente de tr\u00e1nsito entre un autom\u00f3vil y una bicicleta producido por una peligrosa distracci\u00f3n en la v\u00eda p\u00fablica. El Sistema de Protecci\u00f3n Ciudadana local actu\u00f3 de inmediato para asistir al conductor de la bici.","rel":"","context":"En \u00abC\u00e1maras\u00bb","block_context":{"text":"C\u00e1maras","link":"https:\/\/tigredigital.com.ar\/noticias\/category\/camaras\/"},"img":{"alt_text":"","src":"https:\/\/i0.wp.com\/tigredigital.com.ar\/noticias\/wp-content\/uploads\/2025\/01\/snapshot1.png?resize=350%2C200&ssl=1","width":350,"height":200,"srcset":"https:\/\/i0.wp.com\/tigredigital.com.ar\/noticias\/wp-content\/uploads\/2025\/01\/snapshot1.png?resize=350%2C200&ssl=1 1x, https:\/\/i0.wp.com\/tigredigital.com.ar\/noticias\/wp-content\/uploads\/2025\/01\/snapshot1.png?resize=525%2C300&ssl=1 1.5x, https:\/\/i0.wp.com\/tigredigital.com.ar\/noticias\/wp-content\/uploads\/2025\/01\/snapshot1.png?resize=700%2C400&ssl=1 2x, https:\/\/i0.wp.com\/tigredigital.com.ar\/noticias\/wp-content\/uploads\/2025\/01\/snapshot1.png?resize=1050%2C600&ssl=1 3x, https:\/\/i0.wp.com\/tigredigital.com.ar\/noticias\/wp-content\/uploads\/2025\/01\/snapshot1.png?resize=1400%2C800&ssl=1 4x"},"classes":[]},{"id":20862,"url":"https:\/\/tigredigital.com.ar\/noticias\/la-base-de-monitoreo-del-cot-detecto-un-nuevo-accidente-entre-un-automovil-y-una-moto\/","url_meta":{"origin":23996,"position":1},"title":"La base de monitoreo del COT detect\u00f3 un nuevo accidente entre un autom\u00f3vil y una moto","author":"Daniel Lowy","date":"14 diciembre, 2024","format":false,"excerpt":"En la localidad de Don Torcuato, la base de monitoreo del Centro de Operaciones Tigre (COT) detect\u00f3 un accidente de tr\u00e1nsito entre un autom\u00f3vil y una moto. Los agentes locales y la ambulancia del SET acudieron r\u00e1pidamente para intervenir en el hecho donde no se registraron heridos de gravedad.","rel":"","context":"En \u00abC\u00e1maras\u00bb","block_context":{"text":"C\u00e1maras","link":"https:\/\/tigredigital.com.ar\/noticias\/category\/camaras\/"},"img":{"alt_text":"","src":"https:\/\/i0.wp.com\/tigredigital.com.ar\/noticias\/wp-content\/uploads\/2024\/12\/snapshot3-1.png?resize=350%2C200&ssl=1","width":350,"height":200,"srcset":"https:\/\/i0.wp.com\/tigredigital.com.ar\/noticias\/wp-content\/uploads\/2024\/12\/snapshot3-1.png?resize=350%2C200&ssl=1 1x, https:\/\/i0.wp.com\/tigredigital.com.ar\/noticias\/wp-content\/uploads\/2024\/12\/snapshot3-1.png?resize=525%2C300&ssl=1 1.5x, https:\/\/i0.wp.com\/tigredigital.com.ar\/noticias\/wp-content\/uploads\/2024\/12\/snapshot3-1.png?resize=700%2C400&ssl=1 2x, https:\/\/i0.wp.com\/tigredigital.com.ar\/noticias\/wp-content\/uploads\/2024\/12\/snapshot3-1.png?resize=1050%2C600&ssl=1 3x, https:\/\/i0.wp.com\/tigredigital.com.ar\/noticias\/wp-content\/uploads\/2024\/12\/snapshot3-1.png?resize=1400%2C800&ssl=1 4x"},"classes":[]},{"id":21739,"url":"https:\/\/tigredigital.com.ar\/noticias\/espectacular-accidente-de-transito-entre-auto-y-moto-queda-registrado-en-tigre-centro\/","url_meta":{"origin":23996,"position":2},"title":"Espectacular accidente de tr\u00e1nsito entre auto y moto queda registrado en Tigre centro","author":"Daniel Lowy","date":"17 mayo, 2025","format":false,"excerpt":"En Tigre centro, los dispositivos de video vigilancia del Centro de Operaciones Tigre (COT) registraron un fuerte accidente entre una moto y un autom\u00f3vil. Los operadores de la central de monitoreo activaron inmediatamente el protocolo de Protecci\u00f3n Ciudadana del Municipio lo que permiti\u00f3 una r\u00e1pida asistencia a la v\u00edctima","rel":"","context":"En \u00abCOT\u00bb","block_context":{"text":"COT","link":"https:\/\/tigredigital.com.ar\/noticias\/category\/cot\/"},"img":{"alt_text":"","src":"https:\/\/i0.wp.com\/tigredigital.com.ar\/noticias\/wp-content\/uploads\/2025\/05\/COT-1-1.jpg?resize=350%2C200&ssl=1","width":350,"height":200,"srcset":"https:\/\/i0.wp.com\/tigredigital.com.ar\/noticias\/wp-content\/uploads\/2025\/05\/COT-1-1.jpg?resize=350%2C200&ssl=1 1x, https:\/\/i0.wp.com\/tigredigital.com.ar\/noticias\/wp-content\/uploads\/2025\/05\/COT-1-1.jpg?resize=525%2C300&ssl=1 1.5x, https:\/\/i0.wp.com\/tigredigital.com.ar\/noticias\/wp-content\/uploads\/2025\/05\/COT-1-1.jpg?resize=700%2C400&ssl=1 2x, https:\/\/i0.wp.com\/tigredigital.com.ar\/noticias\/wp-content\/uploads\/2025\/05\/COT-1-1.jpg?resize=1050%2C600&ssl=1 3x"},"classes":[]},{"id":21190,"url":"https:\/\/tigredigital.com.ar\/noticias\/en-troncos-del-talar-las-camaras-registran-un-accidente-de-transito-entre-un-auto-y-una-moto\/","url_meta":{"origin":23996,"position":3},"title":"En Troncos del Talar: las c\u00e1maras registran un accidente de tr\u00e1nsito entre un auto y una moto","author":"Daniel Lowy","date":"1 marzo, 2025","format":false,"excerpt":"La base de monitoreo del Centro de Operaciones Tigre (COT) detect\u00f3 un accidente de tr\u00e1nsito entre un autom\u00f3vil y una moto en la localidad de Troncos del Talar. Los agentes locales y la ambulancia del Sistema de Emergencias Tigre (SET) intervinieron r\u00e1pidamente al\u00a0lugar para brindar\u00a0asistencia.\u00a0","rel":"","context":"En \u00abC\u00e1maras\u00bb","block_context":{"text":"C\u00e1maras","link":"https:\/\/tigredigital.com.ar\/noticias\/category\/camaras\/"},"img":{"alt_text":"","src":"https:\/\/i0.wp.com\/tigredigital.com.ar\/noticias\/wp-content\/uploads\/2025\/03\/snapshot1.png?resize=350%2C200&ssl=1","width":350,"height":200,"srcset":"https:\/\/i0.wp.com\/tigredigital.com.ar\/noticias\/wp-content\/uploads\/2025\/03\/snapshot1.png?resize=350%2C200&ssl=1 1x, https:\/\/i0.wp.com\/tigredigital.com.ar\/noticias\/wp-content\/uploads\/2025\/03\/snapshot1.png?resize=525%2C300&ssl=1 1.5x, https:\/\/i0.wp.com\/tigredigital.com.ar\/noticias\/wp-content\/uploads\/2025\/03\/snapshot1.png?resize=700%2C400&ssl=1 2x, https:\/\/i0.wp.com\/tigredigital.com.ar\/noticias\/wp-content\/uploads\/2025\/03\/snapshot1.png?resize=1050%2C600&ssl=1 3x"},"classes":[]},{"id":23583,"url":"https:\/\/tigredigital.com.ar\/noticias\/accidente-vial-el-talar-moto-set-tigre\/","url_meta":{"origin":23996,"position":4},"title":"Choque con suerte en El Talar: un motociclista result\u00f3 ileso tras salir despedido por el impacto","author":"Daniel Lowy","date":"7 marzo, 2026","format":false,"excerpt":"Las c\u00e1maras del Centro de Operaciones Tigre (COT) registraron un impactante siniestro vial entre auto y moto en la localidad de El Talar. El motociclista fue asistido inmediatamente y afortunadamente se encuentra fuera de peligro.","rel":"","context":"En \u00abCOT\u00bb","block_context":{"text":"COT","link":"https:\/\/tigredigital.com.ar\/noticias\/category\/cot\/"},"img":{"alt_text":"Accidente vial en El Talar termin\u00f3 con el conductor de una moto volando por las aires: se encuentra fuera de peligro","src":"https:\/\/i0.wp.com\/tigredigital.com.ar\/noticias\/wp-content\/uploads\/2026\/03\/ACCIDENTE-MOTO-EN-TIGRE.jpg?resize=350%2C200&ssl=1","width":350,"height":200,"srcset":"https:\/\/i0.wp.com\/tigredigital.com.ar\/noticias\/wp-content\/uploads\/2026\/03\/ACCIDENTE-MOTO-EN-TIGRE.jpg?resize=350%2C200&ssl=1 1x, https:\/\/i0.wp.com\/tigredigital.com.ar\/noticias\/wp-content\/uploads\/2026\/03\/ACCIDENTE-MOTO-EN-TIGRE.jpg?resize=525%2C300&ssl=1 1.5x, https:\/\/i0.wp.com\/tigredigital.com.ar\/noticias\/wp-content\/uploads\/2026\/03\/ACCIDENTE-MOTO-EN-TIGRE.jpg?resize=700%2C400&ssl=1 2x, https:\/\/i0.wp.com\/tigredigital.com.ar\/noticias\/wp-content\/uploads\/2026\/03\/ACCIDENTE-MOTO-EN-TIGRE.jpg?resize=1050%2C600&ssl=1 3x, https:\/\/i0.wp.com\/tigredigital.com.ar\/noticias\/wp-content\/uploads\/2026\/03\/ACCIDENTE-MOTO-EN-TIGRE.jpg?resize=1400%2C800&ssl=1 4x"},"classes":[]},{"id":18917,"url":"https:\/\/tigredigital.com.ar\/noticias\/captado-por-las-camaras-incidente-vial-en-benavidez\/","url_meta":{"origin":23996,"position":5},"title":"Captado por las c\u00e1maras: incidente vial en Benav\u00eddez","author":"Daniel Lowy","date":"23 marzo, 2024","format":false,"excerpt":"Operadores del centro de monitoreo visualizaron el momento en el que dos veh\u00edculos colisionaron, en la intersecci\u00f3n de Ruta 9 y Beltr\u00e1n. Inmediatamente, acudieron al lugar los m\u00f3viles, personal de Tr\u00e1nsito y ambulancias del SET para asistir a las involucradas Las c\u00e1maras del Centro de Operaciones Tigre (COT) registraron un\u2026","rel":"","context":"En \u00abProtecci\u00f3n ciudadana\u00bb","block_context":{"text":"Protecci\u00f3n ciudadana","link":"https:\/\/tigredigital.com.ar\/noticias\/category\/proteccion-ciudadana\/"},"img":{"alt_text":"Las c\u00e1maras del Centro de Operaciones Tigre (COT) registraron un accidente entre dos veh\u00edculos en Benav\u00eddez. Inmediatamente, el Sistema de Protecci\u00f3n Ciudadana acudi\u00f3 al lugar para brindar asistencia.","src":"https:\/\/i0.wp.com\/tigredigital.com.ar\/noticias\/wp-content\/uploads\/2024\/03\/Colision-de-vehiculos-en-Benavidez-Tigre.png?resize=350%2C200&ssl=1","width":350,"height":200,"srcset":"https:\/\/i0.wp.com\/tigredigital.com.ar\/noticias\/wp-content\/uploads\/2024\/03\/Colision-de-vehiculos-en-Benavidez-Tigre.png?resize=350%2C200&ssl=1 1x, https:\/\/i0.wp.com\/tigredigital.com.ar\/noticias\/wp-content\/uploads\/2024\/03\/Colision-de-vehiculos-en-Benavidez-Tigre.png?resize=525%2C300&ssl=1 1.5x, https:\/\/i0.wp.com\/tigredigital.com.ar\/noticias\/wp-content\/uploads\/2024\/03\/Colision-de-vehiculos-en-Benavidez-Tigre.png?resize=700%2C400&ssl=1 2x, https:\/\/i0.wp.com\/tigredigital.com.ar\/noticias\/wp-content\/uploads\/2024\/03\/Colision-de-vehiculos-en-Benavidez-Tigre.png?resize=1050%2C600&ssl=1 3x, https:\/\/i0.wp.com\/tigredigital.com.ar\/noticias\/wp-content\/uploads\/2024\/03\/Colision-de-vehiculos-en-Benavidez-Tigre.png?resize=1400%2C800&ssl=1 4x"},"classes":[]}],"_links":{"self":[{"href":"https:\/\/tigredigital.com.ar\/noticias\/wp-json\/wp\/v2\/posts\/23996","targetHints":{"allow":["GET"]}}],"collection":[{"href":"https:\/\/tigredigital.com.ar\/noticias\/wp-json\/wp\/v2\/posts"}],"about":[{"href":"https:\/\/tigredigital.com.ar\/noticias\/wp-json\/wp\/v2\/types\/post"}],"author":[{"embeddable":true,"href":"https:\/\/tigredigital.com.ar\/noticias\/wp-json\/wp\/v2\/users\/2"}],"replies":[{"embeddable":true,"href":"https:\/\/tigredigital.com.ar\/noticias\/wp-json\/wp\/v2\/comments?post=23996"}],"version-history":[{"count":1,"href":"https:\/\/tigredigital.com.ar\/noticias\/wp-json\/wp\/v2\/posts\/23996\/revisions"}],"predecessor-version":[{"id":24001,"href":"https:\/\/tigredigital.com.ar\/noticias\/wp-json\/wp\/v2\/posts\/23996\/revisions\/24001"}],"wp:featuredmedia":[{"embeddable":true,"href":"https:\/\/tigredigital.com.ar\/noticias\/wp-json\/wp\/v2\/media\/24000"}],"wp:attachment":[{"href":"https:\/\/tigredigital.com.ar\/noticias\/wp-json\/wp\/v2\/media?parent=23996"}],"wp:term":[{"taxonomy":"category","embeddable":true,"href":"https:\/\/tigredigital.com.ar\/noticias\/wp-json\/wp\/v2\/categories?post=23996"},{"taxonomy":"post_tag","embeddable":true,"href":"https:\/\/tigredigital.com.ar\/noticias\/wp-json\/wp\/v2\/tags?post=23996"}],"curies":[{"name":"wp","href":"https:\/\/api.w.org\/{rel}","templated":true}]}}