{"id":19903,"date":"2024-08-12T14:51:33","date_gmt":"2024-08-12T17:51:33","guid":{"rendered":"https:\/\/tigredigital.com.ar\/noticias\/?p=19903"},"modified":"2024-08-12T14:51:35","modified_gmt":"2024-08-12T17:51:35","slug":"troncos-del-talar-celebro-el-22-aniversario-del-centro-de-jubilados-los-girasoles-nuestro-hogar","status":"publish","type":"post","link":"https:\/\/tigredigital.com.ar\/noticias\/troncos-del-talar-celebro-el-22-aniversario-del-centro-de-jubilados-los-girasoles-nuestro-hogar\/","title":{"rendered":"Troncos del Talar celebr\u00f3 el 22\u00b0 aniversario del Centro de Jubilados Los Girasoles Nuestro Hogar"},"content":{"rendered":"\n<p><strong>Autoridades locales acompa\u00f1aron a la comisi\u00f3n directiva y la comunidad de la localidad en el festejo de la instituci\u00f3n. Durante la actividad, los presentes disfrutaron de una cena, baile y m\u00fasica en vivo<\/strong><\/p>\n\n\n\n<!--more-->\n<!--noteaser-->\n\n\n\n<p>El Municipio de Tigre particip\u00f3 de la celebraci\u00f3n por el 22\u00b0 aniversario del Centro de Jubilados Los Girasoles Nuestro Hogar de la localidad de Troncos del Talar. En el evento, las autoridades locales dialogaron con los vecinos y vecinas para resolver inquietudes y que compartan las necesidades de los adultos mayores.<\/p>\n\n\n\n<p><\/p>\n\n\n\n<figure class=\"wp-block-embed aligncenter is-type-video is-provider-youtube wp-block-embed-youtube wp-embed-aspect-16-9 wp-has-aspect-ratio\"><div class=\"wp-block-embed__wrapper\">\n<iframe loading=\"lazy\" title=\"Troncos del Talar celebr\u00f3 el 22\u00b0 aniversario del Centro de Jubilados Los Girasoles Nuestro Hogar\" width=\"525\" height=\"295\" src=\"https:\/\/www.youtube.com\/embed\/V2_X8AGftYw?feature=oembed\" frameborder=\"0\" allow=\"accelerometer; autoplay; clipboard-write; encrypted-media; gyroscope; picture-in-picture; web-share\" referrerpolicy=\"strict-origin-when-cross-origin\" allowfullscreen><\/iframe>\n<\/div><figcaption class=\"wp-element-caption\"><strong>Troncos del Talar celebr\u00f3 el 22\u00b0 aniversario del Centro de Jubilados Los Girasoles Nuestro Hogar<\/strong><\/figcaption><\/figure>\n\n\n\n<p><\/p>\n\n\n\n<p>La concejala Gisela Zamora, expres\u00f3: \u00abFue una noche muy hermosa, alegre y festiva compartiendo su nuevo aniversario. Como nos pide nuestro intendente Julio Zamora estamos siempre presentes al lado de estas instituciones que son tan representativas de nuestra comunidad. Agradecemos a la comisi\u00f3n y a su presidenta que hace que este sea un espacio ameno y cercano, donde los adultos mayores vienen a plantear sus problemas y a compartir un momento. Sabemos el esfuerzo que hacen por mantener estos lugares y por eso desde el Municipio vamos a seguir cerca\u00bb.<\/p>\n\n\n\n<p>El evento inici\u00f3 con una cena para los presentes. Luego, se enton\u00f3 el Himno Nacional con la bandera de ceremonia. La presidente de la instituci\u00f3n, Monica \u00c1valos, brind\u00f3 un discurso alusivo al festejo y relat\u00f3 parte de la labor que hacen en el centro de jubilados. Acto seguido, miembros del establecimiento brindaron un show de tango. Se realiz\u00f3 un sorteo y un artista local llev\u00f3 adelante un espect\u00e1culo musical para el disfrute de los invitados. Finalmente, se cant\u00f3 el feliz cumplea\u00f1os y se cort\u00f3 una torta.<\/p>\n\n\n<div class=\"wp-block-image\">\n<figure class=\"aligncenter size-large\"><a href=\"https:\/\/tigredigital.com.ar\/noticias\/wp-content\/uploads\/2024\/08\/unnamed-2-6.jpg\"><img loading=\"lazy\" decoding=\"async\" width=\"1024\" height=\"597\" src=\"https:\/\/tigredigital.com.ar\/noticias\/wp-content\/uploads\/2024\/08\/unnamed-2-6-1024x597.jpg\" alt=\"\" class=\"wp-image-19904\" srcset=\"https:\/\/tigredigital.com.ar\/noticias\/wp-content\/uploads\/2024\/08\/unnamed-2-6-1024x597.jpg 1024w, https:\/\/tigredigital.com.ar\/noticias\/wp-content\/uploads\/2024\/08\/unnamed-2-6-300x175.jpg 300w, https:\/\/tigredigital.com.ar\/noticias\/wp-content\/uploads\/2024\/08\/unnamed-2-6-768x448.jpg 768w, https:\/\/tigredigital.com.ar\/noticias\/wp-content\/uploads\/2024\/08\/unnamed-2-6.jpg 1200w\" sizes=\"auto, (max-width: 767px) 89vw, (max-width: 1000px) 54vw, (max-width: 1071px) 543px, 580px\" \/><\/a><figcaption class=\"wp-element-caption\"><strong>Festejo en troncos del Talar por el 22\u00b0 aniversario del Centro de Jubilados Los Girasoles Nuestro Hogar<\/strong><\/figcaption><\/figure>\n<\/div>\n\n\n<p>\u00abEstamos muy felices acompa\u00f1ando un a\u00f1o m\u00e1s, este lugar es muy especial para nosotros. Hace mucho tiempo que venimos apoyando por eso nos sentimos parte y siempre tratamos de estar cerca como nos marca el intendente Julio Zamora. Le tenemos un cari\u00f1o muy grande, ponemos nuestro granito de arena para que siga creciendo y vamos a estar ac\u00e1 siempre que lo necesiten\u00bb, sostuvo la concejala Cecilia Ferreira.<\/p>\n\n\n\n<p>La presidente del centro de jubilados, Monica \u00c1valos, manifest\u00f3 en relaci\u00f3n a la jornada: \u00abEsto para nosotros es poder continuar con una tarea que venimos desarrollando hace varios a\u00f1os, acompa\u00f1ando a los abuelos, y nos sentimos gratificados por todo lo que uno recibe. Hacemos danzas, actividades cognitivas, charlas, debates, viajes, un poco de todo para dar una din\u00e1mica y que se sientan apoyados. Tuvimos la suerte de que estuvieron presentes varios directivos municipales, el delegado, las concejales Cecilia Ferreira y Gisela Zamora, que han venido varias veces\u00bb.<\/p>\n\n\n\n<p><\/p>\n\n\n\n<h3 class=\"wp-block-heading\"><strong>M\u00e1s noticias<\/strong><\/h3>\n\n\n\n<p><\/p>\n\n\n\n\n\n<p><\/p>\n\n\n\n<div class=\"wp-block-cover is-light\"><span aria-hidden=\"true\" class=\"wp-block-cover__background has-background-dim\"><\/span><img loading=\"lazy\" decoding=\"async\" width=\"480\" height=\"500\" class=\"wp-block-cover__image-background wp-image-18331\" alt=\"\" src=\"https:\/\/tigredigital.com.ar\/noticias\/wp-content\/uploads\/2023\/11\/LOGO-TIGRE-DIGITAL-CIRCULO.png\" data-object-fit=\"cover\" srcset=\"https:\/\/tigredigital.com.ar\/noticias\/wp-content\/uploads\/2023\/11\/LOGO-TIGRE-DIGITAL-CIRCULO.png 480w, https:\/\/tigredigital.com.ar\/noticias\/wp-content\/uploads\/2023\/11\/LOGO-TIGRE-DIGITAL-CIRCULO-288x300.png 288w\" sizes=\"auto, (max-width: 480px) 100vw, 480px\" \/><div class=\"wp-block-cover__inner-container is-layout-flow wp-block-cover-is-layout-flow\">\n<div class=\"wp-block-group\"><div class=\"wp-block-group__inner-container is-layout-constrained wp-block-group-is-layout-constrained\">\n<div class=\"wp-block-columns is-layout-flex wp-container-core-columns-is-layout-9d6595d7 wp-block-columns-is-layout-flex\">\n<div class=\"wp-block-column is-layout-flow wp-block-column-is-layout-flow\" style=\"flex-basis:100%\">\n<div class=\"wp-block-group alignfull has-background-color has-white-color has-black-background-color has-text-color has-background has-link-color wp-elements-37ea6134c40452122b721bb912a37805\" style=\"min-height:40vh;margin-top:0;margin-bottom:0;padding-top:var(--wp--preset--spacing--60);padding-right:var(--wp--preset--spacing--40);padding-bottom:var(--wp--preset--spacing--60);padding-left:var(--wp--preset--spacing--40)\"><div class=\"wp-block-group__inner-container is-layout-constrained wp-container-core-group-is-layout-27c39f3e wp-block-group-is-layout-constrained\">\n<div class=\"wp-block-columns alignwide has-small-font-size is-layout-flex wp-container-core-columns-is-layout-9d6595d7 wp-block-columns-is-layout-flex\">\n<div class=\"wp-block-column is-layout-flow wp-block-column-is-layout-flow\">\n<p class=\"has-text-align-center\">(1648) Tigre<\/p>\n\n\n\n<p class=\"has-text-align-center\">Buenos Aires<\/p>\n\n\n\n<p class=\"has-text-align-center\">Argentina<\/p>\n\n\n\n<div style=\"height:24px\" aria-hidden=\"true\" class=\"wp-block-spacer\"><\/div>\n<\/div>\n\n\n\n<div class=\"wp-block-column is-vertically-aligned-stretch is-layout-flow wp-block-column-is-layout-flow\">\n<p class=\"has-text-align-center\">Comunicate con nosotros:<\/p>\n\n\n\n<p class=\"has-text-align-center\"><a href=\"contacto@tigredigital.com.ar\" target=\"_blank\" rel=\"noreferrer noopener\">contacto@tigredigital.com.ar<\/a><\/p>\n\n\n<div class=\"wp-block-image\">\n<figure class=\"aligncenter size-full is-resized\"><a href=\"https:\/\/tigredigital.com.ar\/noticias\/\" target=\"_blank\" rel=\"noreferrer noopener\"><img loading=\"lazy\" decoding=\"async\" width=\"480\" height=\"500\" src=\"https:\/\/tigredigital.com.ar\/noticias\/wp-content\/uploads\/2023\/11\/LOGO-TIGRE-DIGITAL-CIRCULO-1.png\" alt=\"\" class=\"wp-image-18332\" style=\"width:98px;height:auto\" srcset=\"https:\/\/tigredigital.com.ar\/noticias\/wp-content\/uploads\/2023\/11\/LOGO-TIGRE-DIGITAL-CIRCULO-1.png 480w, https:\/\/tigredigital.com.ar\/noticias\/wp-content\/uploads\/2023\/11\/LOGO-TIGRE-DIGITAL-CIRCULO-1-288x300.png 288w\" sizes=\"auto, (max-width: 480px) 100vw, 480px\" \/><\/a><\/figure>\n<\/div>\n\n\n<div style=\"height:24px\" aria-hidden=\"true\" class=\"wp-block-spacer\"><\/div>\n<\/div>\n\n\n\n<div class=\"wp-block-column is-layout-flow wp-block-column-is-layout-flow\">\n<p class=\"has-text-align-center\">Adem\u00e1s pod\u00e9s  seguirnos en<\/p>\n\n\n\n<p class=\"has-text-align-center\">nuestras redes sociales:<\/p>\n\n\n\n<div class=\"wp-block-group is-vertical is-content-justification-center is-layout-flex wp-container-core-group-is-layout-bdd043ae wp-block-group-is-layout-flex\">\n<p><a href=\"https:\/\/www.facebook.com\/tigredigital\/\" target=\"_blank\" rel=\"noreferrer noopener\">Facebook<\/a><\/p>\n\n\n\n<p><a href=\"https:\/\/www.instagram.com\/tigredigitalnoticias\/\" target=\"_blank\" rel=\"noreferrer noopener\">Instagram<\/a><\/p>\n\n\n\n<p><a href=\"https:\/\/twitter.com\/digital_tigre\" target=\"_blank\" rel=\"noreferrer noopener\">Twitter<\/a><\/p>\n\n\n\n<p><a href=\"https:\/\/www.youtube.com\/channel\/UC26DeuIB96yC2vbePmuFH5A\" target=\"_blank\" rel=\"noreferrer noopener\">Youtube<\/a><\/p>\n<\/div>\n\n\n\n<div style=\"height:24px\" aria-hidden=\"true\" class=\"wp-block-spacer\"><\/div>\n<\/div>\n<\/div>\n\n\n\n<p class=\"has-text-align-center has-small-font-size\">Proudly powered by <a href=\"https:\/\/wordpress.org\" rel=\"nofollow noopener\" target=\"_blank\">WordPress<\/a> <\/p>\n<\/div><\/div>\n<\/div>\n<\/div>\n<\/div><\/div>\n<\/div><\/div>\n","protected":false},"excerpt":{"rendered":"<p>Autoridades locales acompa\u00f1aron a la comisi\u00f3n directiva y la comunidad de la localidad en el festejo de la instituci\u00f3n. Durante la actividad, los presentes disfrutaron de una cena, baile y m\u00fasica en vivo<\/p>\n","protected":false},"author":2,"featured_media":19905,"comment_status":"open","ping_status":"open","sticky":false,"template":"","format":"standard","meta":{"jetpack_post_was_ever_published":false,"_jetpack_newsletter_access":"","_jetpack_dont_email_post_to_subs":false,"_jetpack_newsletter_tier_id":0,"_jetpack_memberships_contains_paywalled_content":false,"_jetpack_memberships_contains_paid_content":false,"footnotes":"","jetpack_publicize_message":"","jetpack_publicize_feature_enabled":true,"jetpack_social_post_already_shared":true,"jetpack_social_options":{"image_generator_settings":{"template":"highway","enabled":false},"version":2}},"categories":[54,34,27],"tags":[82,149,65,165],"class_list":["post-19903","post","type-post","status-publish","format-standard","has-post-thumbnail","hentry","category-adultos-mayores","category-aniversarios","category-instituciones","tag-aniversario","tag-centro-de-jubilados","tag-tigre","tag-troncos-del-talar"],"jetpack_publicize_connections":[],"jetpack_featured_media_url":"https:\/\/tigredigital.com.ar\/noticias\/wp-content\/uploads\/2024\/08\/unnamed-11.jpg","jetpack_sharing_enabled":true,"jetpack_likes_enabled":true,"jetpack-related-posts":[],"_links":{"self":[{"href":"https:\/\/tigredigital.com.ar\/noticias\/wp-json\/wp\/v2\/posts\/19903","targetHints":{"allow":["GET"]}}],"collection":[{"href":"https:\/\/tigredigital.com.ar\/noticias\/wp-json\/wp\/v2\/posts"}],"about":[{"href":"https:\/\/tigredigital.com.ar\/noticias\/wp-json\/wp\/v2\/types\/post"}],"author":[{"embeddable":true,"href":"https:\/\/tigredigital.com.ar\/noticias\/wp-json\/wp\/v2\/users\/2"}],"replies":[{"embeddable":true,"href":"https:\/\/tigredigital.com.ar\/noticias\/wp-json\/wp\/v2\/comments?post=19903"}],"version-history":[{"count":1,"href":"https:\/\/tigredigital.com.ar\/noticias\/wp-json\/wp\/v2\/posts\/19903\/revisions"}],"predecessor-version":[{"id":19906,"href":"https:\/\/tigredigital.com.ar\/noticias\/wp-json\/wp\/v2\/posts\/19903\/revisions\/19906"}],"wp:featuredmedia":[{"embeddable":true,"href":"https:\/\/tigredigital.com.ar\/noticias\/wp-json\/wp\/v2\/media\/19905"}],"wp:attachment":[{"href":"https:\/\/tigredigital.com.ar\/noticias\/wp-json\/wp\/v2\/media?parent=19903"}],"wp:term":[{"taxonomy":"category","embeddable":true,"href":"https:\/\/tigredigital.com.ar\/noticias\/wp-json\/wp\/v2\/categories?post=19903"},{"taxonomy":"post_tag","embeddable":true,"href":"https:\/\/tigredigital.com.ar\/noticias\/wp-json\/wp\/v2\/tags?post=19903"}],"curies":[{"name":"wp","href":"https:\/\/api.w.org\/{rel}","templated":true}]}}