{"id":17028,"date":"2023-04-18T14:02:06","date_gmt":"2023-04-18T14:02:06","guid":{"rendered":"https:\/\/tigredigital.com.ar\/noticias\/?p=17028"},"modified":"2023-04-18T14:08:37","modified_gmt":"2023-04-18T14:08:37","slug":"el-municipio-de-tigre-organizo-un-encuentro-con-mas-de-1000-mujeres-de-troncos-del-talar","status":"publish","type":"post","link":"https:\/\/tigredigital.com.ar\/noticias\/el-municipio-de-tigre-organizo-un-encuentro-con-mas-de-1000-mujeres-de-troncos-del-talar\/","title":{"rendered":"El Municipio de Tigre organiz\u00f3 un encuentro con m\u00e1s de 1000 mujeres de Troncos del Talar"},"content":{"rendered":"\n<p class=\"has-text-align-justify\"><strong>En el Club 24 de Mayo de Troncos del Talar el encuentro incluy\u00f3 shows de m\u00fasica en vivo, baile y sorteos<\/strong><\/p>\n\n\n\n<!--more-->\n<!--noteaser-->\n\n\n\n<p class=\"has-text-align-justify\">En el Club 24 de Mayo de Troncos del Talar, el intendente de Tigre, Julio Zamora, acompa\u00f1ado de la concejala Gisela Zamora, encabez\u00f3 un encuentro organizado por el Gobierno comunal para reconocer la labor de mujeres que est\u00e1n al servicio de la comunidad y acentu\u00f3 en que \u201cestamos en una situaci\u00f3n econ\u00f3mica delicada, eso nos tiene que hacer tomar dimensi\u00f3n de que tenemos que estar cerca de nuestros vecinos m\u00e1s que nunca\u201d.<\/p>\n\n\n\n<p class=\"has-text-align-justify\">Y prosigui\u00f3: \u201cNo podemos poner esta situaci\u00f3n debajo de la alfombra, es una alarma grande que lic\u00faa los salarios, las jubilaciones, los planes sociales y es ah\u00ed donde debemos dar una respuesta certera para poner un freno. Como espacio de gobierno amplio que somos debemos abrazar a los sectores m\u00e1s vulnerables y desde el lugar de representaci\u00f3n que nos toque tenemos que incidir en una agenda en com\u00fan urgente para poder mejorar las condiciones de nuestra comunidad\u201d.<\/p>\n\n\n\n<p><\/p>\n\n\n\n<figure class=\"wp-block-embed is-type-video is-provider-youtube wp-block-embed-youtube wp-embed-aspect-16-9 wp-has-aspect-ratio\"><div class=\"wp-block-embed__wrapper\">\n<iframe loading=\"lazy\" title=\"El Municipio de Tigre organiz\u00f3 un encuentro con m\u00e1s de 1000 mujeres de troncos del Talar\" width=\"525\" height=\"295\" src=\"https:\/\/www.youtube.com\/embed\/tWOTC7RJd3g?feature=oembed\" frameborder=\"0\" allow=\"accelerometer; autoplay; clipboard-write; encrypted-media; gyroscope; picture-in-picture; web-share\" referrerpolicy=\"strict-origin-when-cross-origin\" allowfullscreen><\/iframe>\n<\/div><\/figure>\n\n\n\n<p><\/p>\n\n\n\n<p class=\"has-text-align-justify\">Respecto al encuentro, que convoc\u00f3 a m\u00e1s de 1.000 mujeres de la localidad, Zamora expres\u00f3: \u201cEsto es algo que forma parte de nuestro Gobierno municipal para fortalecer el v\u00ednculo con nuestra comunidad, escuchando y atendiendo cada necesidad. En esta oportunidad nos dimos cita con vecinas de Troncos del Talar, quienes son representantes de comedores, merenderos, n\u00facleos religiosos, centros barriales y manzaneras que hacen una labor silenciosa pero muy importante en cada barrio\u201d.<\/p>\n\n\n\n<p class=\"has-text-align-justify\">Adem\u00e1s, el intendente hizo hincapi\u00e9 en los logros alcanzados por la gesti\u00f3n como la Escuela Secundaria N\u00b019, los espacios p\u00fablicos remodelados y la renovaci\u00f3n integral de la Av. Juan B. Justo, en un trabajo articulado con el Gobierno nacional. Tambi\u00e9n proyect\u00f3 la construcci\u00f3n de un microestadio para Troncos del Talar y garantiz\u00f3 que m\u00e1s temprano que tarde el hospital de alta complejidad ser\u00e1 una realidad en el Municipio de Tigre.<\/p>\n\n\n\n<p class=\"has-text-align-justify\">Durante la actividad, las presentes pudieron entablar di\u00e1logos con el jefe comunal sobre sus inquietudes; y disfrutaron de una noche a pura diversi\u00f3n con shows de m\u00fasica en vivo a cargo de artistas locales, baile y sorteos.<\/p>\n\n\n\n<p><\/p>\n\n\n\n<figure class=\"wp-block-image size-large\"><a href=\"https:\/\/tigredigital.com.ar\/noticias\/wp-content\/uploads\/2023\/04\/unnamed-15.jpg\"><img loading=\"lazy\" decoding=\"async\" width=\"1024\" height=\"683\" src=\"https:\/\/tigredigital.com.ar\/noticias\/wp-content\/uploads\/2023\/04\/unnamed-15-1024x683.jpg\" alt=\"\" class=\"wp-image-17030\" srcset=\"https:\/\/tigredigital.com.ar\/noticias\/wp-content\/uploads\/2023\/04\/unnamed-15-1024x683.jpg 1024w, https:\/\/tigredigital.com.ar\/noticias\/wp-content\/uploads\/2023\/04\/unnamed-15-300x200.jpg 300w, https:\/\/tigredigital.com.ar\/noticias\/wp-content\/uploads\/2023\/04\/unnamed-15-768x512.jpg 768w, https:\/\/tigredigital.com.ar\/noticias\/wp-content\/uploads\/2023\/04\/unnamed-15.jpg 1500w\" sizes=\"auto, (max-width: 767px) 89vw, (max-width: 1000px) 54vw, (max-width: 1071px) 543px, 580px\" \/><\/a><\/figure>\n\n\n\n<p><\/p>\n\n\n\n<p class=\"has-text-align-justify\">\u201cSiempre es una gran alegr\u00eda compartir un momento agradable y estar cerca de nuestras vecinas. Esto forma parte de una agenda que tiene el intendente Julio Zamora que se da todos los a\u00f1os para dise\u00f1ar su metodolog\u00eda de gobierno en base a las necesidades de la comunidad. Ac\u00e1 hay un Estado local presente, que sabe escuchar a sus vecinos para mejorar todos los d\u00edas. Deseamos que Tigre siga creciendo, que contin\u00fae transitando por el camino del progreso y eso lo vamos a hacer con el acompa\u00f1amiento de todas y todos. Anhelamos que esta ciudad sea la mejor de la Provincia de Buenos Aires y que cada persona se sienta orgullosa de vivir en el distrito\u201d, sostuvo la concejala Gisela Zamora.<\/p>\n\n\n\n<p class=\"has-text-align-justify\">Mar\u00eda Luisa, vecina de Troncos del Talar, agradeci\u00f3 el trabajo del Municipio en la localidad y dijo: \u201cFue una noche muy linda porque pudimos disfrutar todas juntas. Si bien es cierto que hacen falta cosas, el Municipio de Tigre viene trabajando muy bien no solo ac\u00e1 sino en todos los rincones del partido\u201d. Por su parte, Cielo, vecina y artista local que cant\u00f3 en el evento, se\u00f1al\u00f3: \u201cNos hay que dejar de reconocer a las mujeres que trabajan d\u00eda a d\u00eda para sacar adelante a su comunidad. Este agasajo me pareci\u00f3 excelente\u201d.<\/p>\n\n\n\n<p><\/p>\n\n\n\n<p><\/p>\n\n\n<ul class=\"wp-block-latest-posts__list has-author wp-block-latest-posts\"><li><div class=\"wp-block-latest-posts__featured-image aligncenter\"><img loading=\"lazy\" decoding=\"async\" width=\"525\" height=\"295\" src=\"https:\/\/tigredigital.com.ar\/noticias\/wp-content\/uploads\/2026\/05\/snapshot8-1024x576.png\" class=\"attachment-large size-large wp-post-image\" alt=\"\" style=\"\" srcset=\"https:\/\/tigredigital.com.ar\/noticias\/wp-content\/uploads\/2026\/05\/snapshot8-1024x576.png 1024w, https:\/\/tigredigital.com.ar\/noticias\/wp-content\/uploads\/2026\/05\/snapshot8-300x169.png 300w, https:\/\/tigredigital.com.ar\/noticias\/wp-content\/uploads\/2026\/05\/snapshot8-768x432.png 768w, https:\/\/tigredigital.com.ar\/noticias\/wp-content\/uploads\/2026\/05\/snapshot8.png 1280w\" sizes=\"auto, 100vw\" \/><\/div><a class=\"wp-block-latest-posts__post-title\" href=\"https:\/\/tigredigital.com.ar\/noticias\/violento-choque-entre-un-auto-y-una-moto-en-rincon-de-milberg\/\">Violento choque entre un auto y una moto en Rinc\u00f3n de Milberg<\/a><div class=\"wp-block-latest-posts__post-author\">por Daniel Lowy<\/div><\/li>\n<li><div class=\"wp-block-latest-posts__featured-image aligncenter\"><img loading=\"lazy\" decoding=\"async\" width=\"525\" height=\"350\" src=\"https:\/\/tigredigital.com.ar\/noticias\/wp-content\/uploads\/2026\/05\/unnamed-1024x682.jpg\" class=\"attachment-large size-large wp-post-image\" alt=\"El Peronismo de Tigre realiz\u00f3 un multitudinario acto por el D\u00eda del Trabajador, encabezado por el intendente Julio Zamora. All\u00ed, brind\u00f3 un mensaje enfocado en recuperar la historia, reorganizarse para defender a los sectores m\u00e1s vulnerables y cuestion\u00f3 a quienes act\u00faan de manera contradictoria cuando son oposici\u00f3n.\" style=\"\" srcset=\"https:\/\/tigredigital.com.ar\/noticias\/wp-content\/uploads\/2026\/05\/unnamed-1024x682.jpg 1024w, https:\/\/tigredigital.com.ar\/noticias\/wp-content\/uploads\/2026\/05\/unnamed-300x200.jpg 300w, https:\/\/tigredigital.com.ar\/noticias\/wp-content\/uploads\/2026\/05\/unnamed-768x512.jpg 768w, https:\/\/tigredigital.com.ar\/noticias\/wp-content\/uploads\/2026\/05\/unnamed-1536x1023.jpg 1536w, https:\/\/tigredigital.com.ar\/noticias\/wp-content\/uploads\/2026\/05\/unnamed.jpg 1600w\" sizes=\"auto, 100vw\" \/><\/div><a class=\"wp-block-latest-posts__post-title\" href=\"https:\/\/tigredigital.com.ar\/noticias\/julio-zamora-acto-peronismo-dia-trabajador-talar\/\">Julio Zamora encabez\u00f3 un encuentro con la militancia por el D\u00eda del Trabajador en El Talar<\/a><div class=\"wp-block-latest-posts__post-author\">por Daniel Lowy<\/div><\/li>\n<li><div class=\"wp-block-latest-posts__featured-image aligncenter\"><img loading=\"lazy\" decoding=\"async\" width=\"525\" height=\"350\" src=\"https:\/\/tigredigital.com.ar\/noticias\/wp-content\/uploads\/2026\/05\/unnamed-2-1024x683.jpg\" class=\"attachment-large size-large wp-post-image\" alt=\"El nuevo galp\u00f3n n\u00e1utico del TBC est\u00e1 ubicado en la Pista nacional de Remos y Canotaje\" style=\"\" srcset=\"https:\/\/tigredigital.com.ar\/noticias\/wp-content\/uploads\/2026\/05\/unnamed-2-1024x683.jpg 1024w, https:\/\/tigredigital.com.ar\/noticias\/wp-content\/uploads\/2026\/05\/unnamed-2-300x200.jpg 300w, https:\/\/tigredigital.com.ar\/noticias\/wp-content\/uploads\/2026\/05\/unnamed-2-768x512.jpg 768w, https:\/\/tigredigital.com.ar\/noticias\/wp-content\/uploads\/2026\/05\/unnamed-2-1536x1024.jpg 1536w, https:\/\/tigredigital.com.ar\/noticias\/wp-content\/uploads\/2026\/05\/unnamed-2.jpg 1620w\" sizes=\"auto, 100vw\" \/><\/div><a class=\"wp-block-latest-posts__post-title\" href=\"https:\/\/tigredigital.com.ar\/noticias\/el-tigre-boat-club-inauguro-su-guarderia-nautica\/\">El Tigre Boat Club inaugur\u00f3 su guarder\u00eda n\u00e1utica<\/a><div class=\"wp-block-latest-posts__post-author\">por Daniel Lowy<\/div><\/li>\n<li><div class=\"wp-block-latest-posts__featured-image aligncenter\"><img loading=\"lazy\" decoding=\"async\" width=\"525\" height=\"350\" src=\"https:\/\/tigredigital.com.ar\/noticias\/wp-content\/uploads\/2026\/04\/6-1024x683.jpg\" class=\"attachment-large size-large wp-post-image\" alt=\"\" style=\"\" srcset=\"https:\/\/tigredigital.com.ar\/noticias\/wp-content\/uploads\/2026\/04\/6-1024x683.jpg 1024w, https:\/\/tigredigital.com.ar\/noticias\/wp-content\/uploads\/2026\/04\/6-300x200.jpg 300w, https:\/\/tigredigital.com.ar\/noticias\/wp-content\/uploads\/2026\/04\/6-768x512.jpg 768w, https:\/\/tigredigital.com.ar\/noticias\/wp-content\/uploads\/2026\/04\/6.jpg 1500w\" sizes=\"auto, 100vw\" \/><\/div><a class=\"wp-block-latest-posts__post-title\" href=\"https:\/\/tigredigital.com.ar\/noticias\/julio-zamora-charla-dia-trabajador-mat\/\">Julio Zamora encabez\u00f3 un encuentro sobre la historia y el futuro del empleo en el Museo de Arte Tigre<\/a><div class=\"wp-block-latest-posts__post-author\">por Daniel Lowy<\/div><\/li>\n<li><div class=\"wp-block-latest-posts__featured-image aligncenter\"><img loading=\"lazy\" decoding=\"async\" width=\"525\" height=\"306\" src=\"https:\/\/tigredigital.com.ar\/noticias\/wp-content\/uploads\/2026\/04\/unnamed-1024x597.png\" class=\"attachment-large size-large wp-post-image\" alt=\"El Gobierno local realiz\u00f3 una jornada de capacitaci\u00f3n en el Polideportivo de Ricardo Rojas, donde se brindaron herramientas pr\u00e1cticas para el uso de celulares, la realizaci\u00f3n de tr\u00e1mites online y la navegaci\u00f3n segura en internet.\" style=\"\" srcset=\"https:\/\/tigredigital.com.ar\/noticias\/wp-content\/uploads\/2026\/04\/unnamed-1024x597.png 1024w, https:\/\/tigredigital.com.ar\/noticias\/wp-content\/uploads\/2026\/04\/unnamed-300x175.png 300w, https:\/\/tigredigital.com.ar\/noticias\/wp-content\/uploads\/2026\/04\/unnamed-768x448.png 768w, https:\/\/tigredigital.com.ar\/noticias\/wp-content\/uploads\/2026\/04\/unnamed.png 1200w\" sizes=\"auto, 100vw\" \/><\/div><a class=\"wp-block-latest-posts__post-title\" href=\"https:\/\/tigredigital.com.ar\/noticias\/taller-inclusion-digital-adultos-mayores-ricardo-rojas\/\">Los adultos mayores de Ricardo Rojas se sumaron a una nueva capacitaci\u00f3n en tecnolog\u00eda<\/a><div class=\"wp-block-latest-posts__post-author\">por Daniel Lowy<\/div><\/li>\n<li><div class=\"wp-block-latest-posts__featured-image aligncenter\"><img loading=\"lazy\" decoding=\"async\" width=\"525\" height=\"350\" src=\"https:\/\/tigredigital.com.ar\/noticias\/wp-content\/uploads\/2026\/04\/unnamed-12-1024x683.jpg\" class=\"attachment-large size-large wp-post-image\" alt=\"\" style=\"\" srcset=\"https:\/\/tigredigital.com.ar\/noticias\/wp-content\/uploads\/2026\/04\/unnamed-12-1024x683.jpg 1024w, https:\/\/tigredigital.com.ar\/noticias\/wp-content\/uploads\/2026\/04\/unnamed-12-300x200.jpg 300w, https:\/\/tigredigital.com.ar\/noticias\/wp-content\/uploads\/2026\/04\/unnamed-12-768x512.jpg 768w, https:\/\/tigredigital.com.ar\/noticias\/wp-content\/uploads\/2026\/04\/unnamed-12-1536x1024.jpg 1536w, https:\/\/tigredigital.com.ar\/noticias\/wp-content\/uploads\/2026\/04\/unnamed-12.jpg 1620w\" sizes=\"auto, 100vw\" \/><\/div><a class=\"wp-block-latest-posts__post-title\" href=\"https:\/\/tigredigital.com.ar\/noticias\/zamora-reclamo-internas-pj-tigre\/\">El sector que responde a Julio Zamora solicit\u00f3 la inmediata convocatoria a elecciones internas en el PJ de Tigre<\/a><div class=\"wp-block-latest-posts__post-author\">por Daniel Lowy<\/div><\/li>\n<li><div class=\"wp-block-latest-posts__featured-image aligncenter\"><img loading=\"lazy\" decoding=\"async\" width=\"525\" height=\"295\" src=\"https:\/\/tigredigital.com.ar\/noticias\/wp-content\/uploads\/2026\/04\/snapshot1-5-1024x576.png\" class=\"attachment-large size-large wp-post-image\" alt=\"Todo comenz\u00f3 cuando una moto con dos ocupantes choc\u00f3 a un peat\u00f3n en plena tarde. El hecho fue detectado por un t\u00f3tem del Centro de Operaciones Tigre, lo que deriv\u00f3 en un operativo: quienes conduc\u00edan el rodado fueron detenidos luego de la identificaci\u00f3n de las fuerzas de seguridad.\" style=\"\" srcset=\"https:\/\/tigredigital.com.ar\/noticias\/wp-content\/uploads\/2026\/04\/snapshot1-5-1024x576.png 1024w, https:\/\/tigredigital.com.ar\/noticias\/wp-content\/uploads\/2026\/04\/snapshot1-5-300x169.png 300w, https:\/\/tigredigital.com.ar\/noticias\/wp-content\/uploads\/2026\/04\/snapshot1-5-768x432.png 768w, https:\/\/tigredigital.com.ar\/noticias\/wp-content\/uploads\/2026\/04\/snapshot1-5-1536x864.png 1536w, https:\/\/tigredigital.com.ar\/noticias\/wp-content\/uploads\/2026\/04\/snapshot1-5.png 1920w\" sizes=\"auto, 100vw\" \/><\/div><a class=\"wp-block-latest-posts__post-title\" href=\"https:\/\/tigredigital.com.ar\/noticias\/detencion-arma-drogas-don-torcuato\/\">Detenci\u00f3n de dos personas con armamento y estupefacientes tras un incidente vial en Don Torcuato<\/a><div class=\"wp-block-latest-posts__post-author\">por Daniel Lowy<\/div><\/li>\n<li><div class=\"wp-block-latest-posts__featured-image aligncenter\"><img loading=\"lazy\" decoding=\"async\" width=\"525\" height=\"295\" src=\"https:\/\/tigredigital.com.ar\/noticias\/wp-content\/uploads\/2026\/04\/2008_009-1024x576.jpg\" class=\"attachment-large size-large wp-post-image\" alt=\"\" style=\"\" srcset=\"https:\/\/tigredigital.com.ar\/noticias\/wp-content\/uploads\/2026\/04\/2008_009-1024x576.jpg 1024w, https:\/\/tigredigital.com.ar\/noticias\/wp-content\/uploads\/2026\/04\/2008_009-300x169.jpg 300w, https:\/\/tigredigital.com.ar\/noticias\/wp-content\/uploads\/2026\/04\/2008_009-768x432.jpg 768w, https:\/\/tigredigital.com.ar\/noticias\/wp-content\/uploads\/2026\/04\/2008_009.jpg 1280w\" sizes=\"auto, 100vw\" \/><\/div><a class=\"wp-block-latest-posts__post-title\" href=\"https:\/\/tigredigital.com.ar\/noticias\/tigre-aprueba-ordenanza-limites-altura-urbana\/\">Tigre establece l\u00edmites a las alturas mediante una nueva ordenanza de ordenamiento urbano<\/a><div class=\"wp-block-latest-posts__post-author\">por Daniel Lowy<\/div><\/li>\n<li><div class=\"wp-block-latest-posts__featured-image aligncenter\"><img loading=\"lazy\" decoding=\"async\" width=\"525\" height=\"350\" src=\"https:\/\/tigredigital.com.ar\/noticias\/wp-content\/uploads\/2026\/04\/unnamed-3-1-1024x683.jpg\" class=\"attachment-large size-large wp-post-image\" alt=\"\" style=\"\" srcset=\"https:\/\/tigredigital.com.ar\/noticias\/wp-content\/uploads\/2026\/04\/unnamed-3-1-1024x683.jpg 1024w, https:\/\/tigredigital.com.ar\/noticias\/wp-content\/uploads\/2026\/04\/unnamed-3-1-300x200.jpg 300w, https:\/\/tigredigital.com.ar\/noticias\/wp-content\/uploads\/2026\/04\/unnamed-3-1-768x512.jpg 768w, https:\/\/tigredigital.com.ar\/noticias\/wp-content\/uploads\/2026\/04\/unnamed-3-1-1536x1024.jpg 1536w, https:\/\/tigredigital.com.ar\/noticias\/wp-content\/uploads\/2026\/04\/unnamed-3-1.jpg 1620w\" sizes=\"auto, 100vw\" \/><\/div><a class=\"wp-block-latest-posts__post-title\" href=\"https:\/\/tigredigital.com.ar\/noticias\/apertura-distrital-2026-scouts-tigre-pacheco\/\">En General Pacheco, grupos scouts de Tigre formalizaron la apertura para sus actividades de este a\u00f1o<\/a><div class=\"wp-block-latest-posts__post-author\">por Daniel Lowy<\/div><\/li>\n<li><div class=\"wp-block-latest-posts__featured-image aligncenter\"><img loading=\"lazy\" decoding=\"async\" width=\"525\" height=\"315\" src=\"https:\/\/tigredigital.com.ar\/noticias\/wp-content\/uploads\/2026\/04\/EMPRENDEDORAS-RODANTES-1024x614.jpg\" class=\"attachment-large size-large wp-post-image\" alt=\"Emprendedoras Rodantes es un programa impulsado por el Municipio de Tigre que busca fortalecer la autonom\u00eda econ\u00f3mica de las mujeres del distrito a trav\u00e9s de la formaci\u00f3n en oficios y microemprendimientos\" style=\"\" srcset=\"https:\/\/tigredigital.com.ar\/noticias\/wp-content\/uploads\/2026\/04\/EMPRENDEDORAS-RODANTES-1024x614.jpg 1024w, https:\/\/tigredigital.com.ar\/noticias\/wp-content\/uploads\/2026\/04\/EMPRENDEDORAS-RODANTES-300x180.jpg 300w, https:\/\/tigredigital.com.ar\/noticias\/wp-content\/uploads\/2026\/04\/EMPRENDEDORAS-RODANTES-768x461.jpg 768w, https:\/\/tigredigital.com.ar\/noticias\/wp-content\/uploads\/2026\/04\/EMPRENDEDORAS-RODANTES.jpg 1200w\" sizes=\"auto, 100vw\" \/><\/div><a class=\"wp-block-latest-posts__post-title\" href=\"https:\/\/tigredigital.com.ar\/noticias\/municipio-tigre-inicia-programa-emprendedoras-rodantes\/\">Comenz\u00f3 en Tigre el programa municipal de capacitaci\u00f3n \u00abEmprendedoras Rodantes\u00bb<\/a><div class=\"wp-block-latest-posts__post-author\">por Daniel Lowy<\/div><\/li>\n<\/ul>","protected":false},"excerpt":{"rendered":"<p>En el Club 24 de Mayo de Troncos del Talar el encuentro incluy\u00f3 shows de m\u00fasica en vivo, baile y sorteos<\/p>\n","protected":false},"author":2,"featured_media":17029,"comment_status":"open","ping_status":"open","sticky":false,"template":"","format":"standard","meta":{"jetpack_post_was_ever_published":false,"_jetpack_newsletter_access":"","_jetpack_dont_email_post_to_subs":false,"_jetpack_newsletter_tier_id":0,"_jetpack_memberships_contains_paywalled_content":false,"_jetpack_memberships_contains_paid_content":false,"footnotes":"","jetpack_publicize_message":"","jetpack_publicize_feature_enabled":true,"jetpack_social_post_already_shared":true,"jetpack_social_options":{"image_generator_settings":{"template":"highway","enabled":false},"version":2}},"categories":[1],"tags":[],"class_list":["post-17028","post","type-post","status-publish","format-standard","has-post-thumbnail","hentry","category-sin-categoria"],"jetpack_publicize_connections":[],"jetpack_featured_media_url":"https:\/\/tigredigital.com.ar\/noticias\/wp-content\/uploads\/2023\/04\/unnamed-14-1.jpg","jetpack_sharing_enabled":true,"jetpack_likes_enabled":true,"jetpack-related-posts":[],"_links":{"self":[{"href":"https:\/\/tigredigital.com.ar\/noticias\/wp-json\/wp\/v2\/posts\/17028","targetHints":{"allow":["GET"]}}],"collection":[{"href":"https:\/\/tigredigital.com.ar\/noticias\/wp-json\/wp\/v2\/posts"}],"about":[{"href":"https:\/\/tigredigital.com.ar\/noticias\/wp-json\/wp\/v2\/types\/post"}],"author":[{"embeddable":true,"href":"https:\/\/tigredigital.com.ar\/noticias\/wp-json\/wp\/v2\/users\/2"}],"replies":[{"embeddable":true,"href":"https:\/\/tigredigital.com.ar\/noticias\/wp-json\/wp\/v2\/comments?post=17028"}],"version-history":[{"count":2,"href":"https:\/\/tigredigital.com.ar\/noticias\/wp-json\/wp\/v2\/posts\/17028\/revisions"}],"predecessor-version":[{"id":17032,"href":"https:\/\/tigredigital.com.ar\/noticias\/wp-json\/wp\/v2\/posts\/17028\/revisions\/17032"}],"wp:featuredmedia":[{"embeddable":true,"href":"https:\/\/tigredigital.com.ar\/noticias\/wp-json\/wp\/v2\/media\/17029"}],"wp:attachment":[{"href":"https:\/\/tigredigital.com.ar\/noticias\/wp-json\/wp\/v2\/media?parent=17028"}],"wp:term":[{"taxonomy":"category","embeddable":true,"href":"https:\/\/tigredigital.com.ar\/noticias\/wp-json\/wp\/v2\/categories?post=17028"},{"taxonomy":"post_tag","embeddable":true,"href":"https:\/\/tigredigital.com.ar\/noticias\/wp-json\/wp\/v2\/tags?post=17028"}],"curies":[{"name":"wp","href":"https:\/\/api.w.org\/{rel}","templated":true}]}}