{"id":15421,"date":"2022-09-23T22:57:15","date_gmt":"2022-09-23T22:57:15","guid":{"rendered":"https:\/\/tigredigital.com.ar\/noticias\/?p=15421"},"modified":"2022-09-23T22:57:16","modified_gmt":"2022-09-23T22:57:16","slug":"encuentro-con-vecinas-de-gral-pacheco","status":"publish","type":"post","link":"https:\/\/tigredigital.com.ar\/noticias\/encuentro-con-vecinas-de-gral-pacheco\/","title":{"rendered":"Encuentro con vecinas de Gral. Pacheco"},"content":{"rendered":"\n<p class=\"has-text-align-justify\"><strong>La reuni\u00f3n cont\u00f3 con la participaci\u00f3n de decenas de mujeres representantes de iglesias, comedores, merenderos, bomberas, grupos de scouts, artistas y docentes, entre otras. All\u00ed, pudieron disfrutar de una merienda y shows de artistas locales<\/strong><\/p>\n\n\n\n<!--more-->\n<!--noteaser-->\n\n\n\n<p class=\"has-text-align-justify\">Junto a la concejala Gisela Zamora, el intendente mantuvo un encuentro con vecinas, donde comparti\u00f3 los avances de la gesti\u00f3n y los proyectos en materia de salud, seguridad y deportes. \u201cTenemos el deber de trabajar por la paridad con los hombres y afrontar la problem\u00e1tica de violencia por razones de g\u00e9nero\u201d, se\u00f1al\u00f3 el jefe comunal.<\/p>\n\n\n\n<p><\/p>\n\n\n\n<figure class=\"wp-block-embed aligncenter is-type-video is-provider-youtube wp-block-embed-youtube wp-embed-aspect-16-9 wp-has-aspect-ratio\"><div class=\"wp-block-embed__wrapper\">\n<iframe loading=\"lazy\" title=\"Encuentro con vecinas de Gral. Pacheco\" width=\"525\" height=\"295\" src=\"https:\/\/www.youtube.com\/embed\/nHcvp1khNGk?feature=oembed\" frameborder=\"0\" allow=\"accelerometer; autoplay; clipboard-write; encrypted-media; gyroscope; picture-in-picture; web-share\" referrerpolicy=\"strict-origin-when-cross-origin\" allowfullscreen><\/iframe>\n<\/div><\/figure>\n\n\n\n<p><\/p>\n\n\n\n<p class=\"has-text-align-justify\">\u201cHubo una gran convocatoria por parte de todo el equipo del Municipio de Tigre para continuar tomando contacto con las vecinas, quienes cumplen un rol esencial en el distrito. Cada vez avanzan a pasos agigantados en busca de la reivindicaci\u00f3n de sus derechos y eso es motivo de orgullo. Tenemos mucha tarea juntos como lograr la paridad con los hombres definitivamente y la articulaci\u00f3n de pol\u00edticas p\u00fablicas para afrontar la problem\u00e1tica de violencia por razones de g\u00e9nero\u201d, se\u00f1al\u00f3 el jefe comunal.<\/p>\n\n\n\n<p class=\"has-text-align-justify\">Y concluy\u00f3: \u201cHay pol\u00edticos que hablan mucho y hacen poco. Es fundamental escuchar a la comunidad y no enojarnos cuando nos plantean alguna inquietud. Somos servidores p\u00fablicos; la gente nos elige para transformar sus sue\u00f1os en realidad\u201d.<\/p>\n\n\n\n<p class=\"has-text-align-justify\">Durante el encuentro, el intendente reafirm\u00f3 la voluntad del Gobierno local para construir el Hospital de Alta Complejidad de Tigre, la incorporaci\u00f3n de nuevas patrullas de la Polic\u00eda de la Provincia de Buenos Aires en todas las cuadr\u00edculas del distrito, el avance de las refacciones en los n\u00facleos sanitarios de escuelas del partido y la elaboraci\u00f3n de pol\u00edticas p\u00fablicas para afrontar la problem\u00e1tica de adicciones. A su vez, manifest\u00f3 que la gesti\u00f3n contribuir\u00e1 en el funcionamiento de la pileta y la inclusi\u00f3n de propuestas deportivas en el Club Pacheco.<\/p>\n\n\n\n<p class=\"has-text-align-justify\">\u201cEs una alegr\u00eda continuar con estas reuniones que llevamos adelante en el partido para escuchar a las mujeres. En Tigre, contamos con un intendente como Julio Zamora que pone en el centro de la escena a las vecinas. Cada una de ellas est\u00e1 al frente de merenderos, escuelas y diversas instituciones de la sociedad para tenderles una mano a los vecinos. Estoy agradecida de que contribuyan con su granito de arena para que su barrio siga avanzando\u201d, expres\u00f3 la concejala Gisela Zamora.<\/p>\n\n\n\n<p><\/p>\n\n\n<div class=\"wp-block-image\">\n<figure class=\"aligncenter size-large\"><a href=\"https:\/\/tigredigital.com.ar\/noticias\/wp-content\/uploads\/2022\/09\/unnamed-17-2.jpg\"><img loading=\"lazy\" decoding=\"async\" width=\"1024\" height=\"714\" src=\"https:\/\/tigredigital.com.ar\/noticias\/wp-content\/uploads\/2022\/09\/unnamed-17-2-1024x714.jpg\" alt=\"\" class=\"wp-image-15422\" srcset=\"https:\/\/tigredigital.com.ar\/noticias\/wp-content\/uploads\/2022\/09\/unnamed-17-2-1024x714.jpg 1024w, https:\/\/tigredigital.com.ar\/noticias\/wp-content\/uploads\/2022\/09\/unnamed-17-2-300x209.jpg 300w, https:\/\/tigredigital.com.ar\/noticias\/wp-content\/uploads\/2022\/09\/unnamed-17-2-768x536.jpg 768w, https:\/\/tigredigital.com.ar\/noticias\/wp-content\/uploads\/2022\/09\/unnamed-17-2.jpg 1395w\" sizes=\"auto, (max-width: 767px) 89vw, (max-width: 1000px) 54vw, (max-width: 1071px) 543px, 580px\" \/><\/a><\/figure>\n<\/div>\n\n\n<p><\/p>\n\n\n\n<p class=\"has-text-align-justify\">La reuni\u00f3n cont\u00f3 con la participaci\u00f3n de decenas de mujeres representantes de iglesias, comedores, merenderos, bomberas, grupos de scouts, artistas y docentes, entre otras. All\u00ed, pudieron disfrutar de una merienda y shows de artistas locales.<\/p>\n\n\n\n<p class=\"has-text-align-justify\">Morena, cantante que brind\u00f3 un show, coment\u00f3: \u201cLa mujer necesita ser escuchada y que la acompa\u00f1en. Para mi es algo importante poder estar en este encuentro con tantas vecinas de Tigre y tener el placer de cantar\u201d. Por su parte, Ana, dijo: \u00abMe gust\u00f3 mucho la atenci\u00f3n y la organizaci\u00f3n del Municipio. Hacer este tipo de reuniones es fundamental para nosotras\u201d.<\/p>\n\n\n\n<p><\/p>\n\n\n<ul class=\"wp-block-latest-posts__list has-author wp-block-latest-posts\"><li><div class=\"wp-block-latest-posts__featured-image aligncenter\"><img loading=\"lazy\" decoding=\"async\" width=\"525\" height=\"295\" src=\"https:\/\/tigredigital.com.ar\/noticias\/wp-content\/uploads\/2026\/05\/snapshot8-1024x576.png\" class=\"attachment-large size-large wp-post-image\" alt=\"\" style=\"\" srcset=\"https:\/\/tigredigital.com.ar\/noticias\/wp-content\/uploads\/2026\/05\/snapshot8-1024x576.png 1024w, https:\/\/tigredigital.com.ar\/noticias\/wp-content\/uploads\/2026\/05\/snapshot8-300x169.png 300w, https:\/\/tigredigital.com.ar\/noticias\/wp-content\/uploads\/2026\/05\/snapshot8-768x432.png 768w, https:\/\/tigredigital.com.ar\/noticias\/wp-content\/uploads\/2026\/05\/snapshot8.png 1280w\" sizes=\"auto, 100vw\" \/><\/div><a class=\"wp-block-latest-posts__post-title\" href=\"https:\/\/tigredigital.com.ar\/noticias\/violento-choque-entre-un-auto-y-una-moto-en-rincon-de-milberg\/\">Violento choque entre un auto y una moto en Rinc\u00f3n de Milberg<\/a><div class=\"wp-block-latest-posts__post-author\">por Daniel Lowy<\/div><\/li>\n<li><div class=\"wp-block-latest-posts__featured-image aligncenter\"><img loading=\"lazy\" decoding=\"async\" width=\"525\" height=\"350\" src=\"https:\/\/tigredigital.com.ar\/noticias\/wp-content\/uploads\/2026\/05\/unnamed-1024x682.jpg\" class=\"attachment-large size-large wp-post-image\" alt=\"El Peronismo de Tigre realiz\u00f3 un multitudinario acto por el D\u00eda del Trabajador, encabezado por el intendente Julio Zamora. All\u00ed, brind\u00f3 un mensaje enfocado en recuperar la historia, reorganizarse para defender a los sectores m\u00e1s vulnerables y cuestion\u00f3 a quienes act\u00faan de manera contradictoria cuando son oposici\u00f3n.\" style=\"\" srcset=\"https:\/\/tigredigital.com.ar\/noticias\/wp-content\/uploads\/2026\/05\/unnamed-1024x682.jpg 1024w, https:\/\/tigredigital.com.ar\/noticias\/wp-content\/uploads\/2026\/05\/unnamed-300x200.jpg 300w, https:\/\/tigredigital.com.ar\/noticias\/wp-content\/uploads\/2026\/05\/unnamed-768x512.jpg 768w, https:\/\/tigredigital.com.ar\/noticias\/wp-content\/uploads\/2026\/05\/unnamed-1536x1023.jpg 1536w, https:\/\/tigredigital.com.ar\/noticias\/wp-content\/uploads\/2026\/05\/unnamed.jpg 1600w\" sizes=\"auto, 100vw\" \/><\/div><a class=\"wp-block-latest-posts__post-title\" href=\"https:\/\/tigredigital.com.ar\/noticias\/julio-zamora-acto-peronismo-dia-trabajador-talar\/\">Julio Zamora encabez\u00f3 un encuentro con la militancia por el D\u00eda del Trabajador en El Talar<\/a><div class=\"wp-block-latest-posts__post-author\">por Daniel Lowy<\/div><\/li>\n<li><div class=\"wp-block-latest-posts__featured-image aligncenter\"><img loading=\"lazy\" decoding=\"async\" width=\"525\" height=\"350\" src=\"https:\/\/tigredigital.com.ar\/noticias\/wp-content\/uploads\/2026\/05\/unnamed-2-1024x683.jpg\" class=\"attachment-large size-large wp-post-image\" alt=\"El nuevo galp\u00f3n n\u00e1utico del TBC est\u00e1 ubicado en la Pista nacional de Remos y Canotaje\" style=\"\" srcset=\"https:\/\/tigredigital.com.ar\/noticias\/wp-content\/uploads\/2026\/05\/unnamed-2-1024x683.jpg 1024w, https:\/\/tigredigital.com.ar\/noticias\/wp-content\/uploads\/2026\/05\/unnamed-2-300x200.jpg 300w, https:\/\/tigredigital.com.ar\/noticias\/wp-content\/uploads\/2026\/05\/unnamed-2-768x512.jpg 768w, https:\/\/tigredigital.com.ar\/noticias\/wp-content\/uploads\/2026\/05\/unnamed-2-1536x1024.jpg 1536w, https:\/\/tigredigital.com.ar\/noticias\/wp-content\/uploads\/2026\/05\/unnamed-2.jpg 1620w\" sizes=\"auto, 100vw\" \/><\/div><a class=\"wp-block-latest-posts__post-title\" href=\"https:\/\/tigredigital.com.ar\/noticias\/el-tigre-boat-club-inauguro-su-guarderia-nautica\/\">El Tigre Boat Club inaugur\u00f3 su guarder\u00eda n\u00e1utica<\/a><div class=\"wp-block-latest-posts__post-author\">por Daniel Lowy<\/div><\/li>\n<li><div class=\"wp-block-latest-posts__featured-image aligncenter\"><img loading=\"lazy\" decoding=\"async\" width=\"525\" height=\"350\" src=\"https:\/\/tigredigital.com.ar\/noticias\/wp-content\/uploads\/2026\/04\/6-1024x683.jpg\" class=\"attachment-large size-large wp-post-image\" alt=\"\" style=\"\" srcset=\"https:\/\/tigredigital.com.ar\/noticias\/wp-content\/uploads\/2026\/04\/6-1024x683.jpg 1024w, https:\/\/tigredigital.com.ar\/noticias\/wp-content\/uploads\/2026\/04\/6-300x200.jpg 300w, https:\/\/tigredigital.com.ar\/noticias\/wp-content\/uploads\/2026\/04\/6-768x512.jpg 768w, https:\/\/tigredigital.com.ar\/noticias\/wp-content\/uploads\/2026\/04\/6.jpg 1500w\" sizes=\"auto, 100vw\" \/><\/div><a class=\"wp-block-latest-posts__post-title\" href=\"https:\/\/tigredigital.com.ar\/noticias\/julio-zamora-charla-dia-trabajador-mat\/\">Julio Zamora encabez\u00f3 un encuentro sobre la historia y el futuro del empleo en el Museo de Arte Tigre<\/a><div class=\"wp-block-latest-posts__post-author\">por Daniel Lowy<\/div><\/li>\n<li><div class=\"wp-block-latest-posts__featured-image aligncenter\"><img loading=\"lazy\" decoding=\"async\" width=\"525\" height=\"306\" src=\"https:\/\/tigredigital.com.ar\/noticias\/wp-content\/uploads\/2026\/04\/unnamed-1024x597.png\" class=\"attachment-large size-large wp-post-image\" alt=\"El Gobierno local realiz\u00f3 una jornada de capacitaci\u00f3n en el Polideportivo de Ricardo Rojas, donde se brindaron herramientas pr\u00e1cticas para el uso de celulares, la realizaci\u00f3n de tr\u00e1mites online y la navegaci\u00f3n segura en internet.\" style=\"\" srcset=\"https:\/\/tigredigital.com.ar\/noticias\/wp-content\/uploads\/2026\/04\/unnamed-1024x597.png 1024w, https:\/\/tigredigital.com.ar\/noticias\/wp-content\/uploads\/2026\/04\/unnamed-300x175.png 300w, https:\/\/tigredigital.com.ar\/noticias\/wp-content\/uploads\/2026\/04\/unnamed-768x448.png 768w, https:\/\/tigredigital.com.ar\/noticias\/wp-content\/uploads\/2026\/04\/unnamed.png 1200w\" sizes=\"auto, 100vw\" \/><\/div><a class=\"wp-block-latest-posts__post-title\" href=\"https:\/\/tigredigital.com.ar\/noticias\/taller-inclusion-digital-adultos-mayores-ricardo-rojas\/\">Los adultos mayores de Ricardo Rojas se sumaron a una nueva capacitaci\u00f3n en tecnolog\u00eda<\/a><div class=\"wp-block-latest-posts__post-author\">por Daniel Lowy<\/div><\/li>\n<li><div class=\"wp-block-latest-posts__featured-image aligncenter\"><img loading=\"lazy\" decoding=\"async\" width=\"525\" height=\"350\" src=\"https:\/\/tigredigital.com.ar\/noticias\/wp-content\/uploads\/2026\/04\/unnamed-12-1024x683.jpg\" class=\"attachment-large size-large wp-post-image\" alt=\"\" style=\"\" srcset=\"https:\/\/tigredigital.com.ar\/noticias\/wp-content\/uploads\/2026\/04\/unnamed-12-1024x683.jpg 1024w, https:\/\/tigredigital.com.ar\/noticias\/wp-content\/uploads\/2026\/04\/unnamed-12-300x200.jpg 300w, https:\/\/tigredigital.com.ar\/noticias\/wp-content\/uploads\/2026\/04\/unnamed-12-768x512.jpg 768w, https:\/\/tigredigital.com.ar\/noticias\/wp-content\/uploads\/2026\/04\/unnamed-12-1536x1024.jpg 1536w, https:\/\/tigredigital.com.ar\/noticias\/wp-content\/uploads\/2026\/04\/unnamed-12.jpg 1620w\" sizes=\"auto, 100vw\" \/><\/div><a class=\"wp-block-latest-posts__post-title\" href=\"https:\/\/tigredigital.com.ar\/noticias\/zamora-reclamo-internas-pj-tigre\/\">El sector que responde a Julio Zamora solicit\u00f3 la inmediata convocatoria a elecciones internas en el PJ de Tigre<\/a><div class=\"wp-block-latest-posts__post-author\">por Daniel Lowy<\/div><\/li>\n<li><div class=\"wp-block-latest-posts__featured-image aligncenter\"><img loading=\"lazy\" decoding=\"async\" width=\"525\" height=\"295\" src=\"https:\/\/tigredigital.com.ar\/noticias\/wp-content\/uploads\/2026\/04\/snapshot1-5-1024x576.png\" class=\"attachment-large size-large wp-post-image\" alt=\"Todo comenz\u00f3 cuando una moto con dos ocupantes choc\u00f3 a un peat\u00f3n en plena tarde. El hecho fue detectado por un t\u00f3tem del Centro de Operaciones Tigre, lo que deriv\u00f3 en un operativo: quienes conduc\u00edan el rodado fueron detenidos luego de la identificaci\u00f3n de las fuerzas de seguridad.\" style=\"\" srcset=\"https:\/\/tigredigital.com.ar\/noticias\/wp-content\/uploads\/2026\/04\/snapshot1-5-1024x576.png 1024w, https:\/\/tigredigital.com.ar\/noticias\/wp-content\/uploads\/2026\/04\/snapshot1-5-300x169.png 300w, https:\/\/tigredigital.com.ar\/noticias\/wp-content\/uploads\/2026\/04\/snapshot1-5-768x432.png 768w, https:\/\/tigredigital.com.ar\/noticias\/wp-content\/uploads\/2026\/04\/snapshot1-5-1536x864.png 1536w, https:\/\/tigredigital.com.ar\/noticias\/wp-content\/uploads\/2026\/04\/snapshot1-5.png 1920w\" sizes=\"auto, 100vw\" \/><\/div><a class=\"wp-block-latest-posts__post-title\" href=\"https:\/\/tigredigital.com.ar\/noticias\/detencion-arma-drogas-don-torcuato\/\">Detenci\u00f3n de dos personas con armamento y estupefacientes tras un incidente vial en Don Torcuato<\/a><div class=\"wp-block-latest-posts__post-author\">por Daniel Lowy<\/div><\/li>\n<li><div class=\"wp-block-latest-posts__featured-image aligncenter\"><img loading=\"lazy\" decoding=\"async\" width=\"525\" height=\"295\" src=\"https:\/\/tigredigital.com.ar\/noticias\/wp-content\/uploads\/2026\/04\/2008_009-1024x576.jpg\" class=\"attachment-large size-large wp-post-image\" alt=\"\" style=\"\" srcset=\"https:\/\/tigredigital.com.ar\/noticias\/wp-content\/uploads\/2026\/04\/2008_009-1024x576.jpg 1024w, https:\/\/tigredigital.com.ar\/noticias\/wp-content\/uploads\/2026\/04\/2008_009-300x169.jpg 300w, https:\/\/tigredigital.com.ar\/noticias\/wp-content\/uploads\/2026\/04\/2008_009-768x432.jpg 768w, https:\/\/tigredigital.com.ar\/noticias\/wp-content\/uploads\/2026\/04\/2008_009.jpg 1280w\" sizes=\"auto, 100vw\" \/><\/div><a class=\"wp-block-latest-posts__post-title\" href=\"https:\/\/tigredigital.com.ar\/noticias\/tigre-aprueba-ordenanza-limites-altura-urbana\/\">Tigre establece l\u00edmites a las alturas mediante una nueva ordenanza de ordenamiento urbano<\/a><div class=\"wp-block-latest-posts__post-author\">por Daniel Lowy<\/div><\/li>\n<li><div class=\"wp-block-latest-posts__featured-image aligncenter\"><img loading=\"lazy\" decoding=\"async\" width=\"525\" height=\"350\" src=\"https:\/\/tigredigital.com.ar\/noticias\/wp-content\/uploads\/2026\/04\/unnamed-3-1-1024x683.jpg\" class=\"attachment-large size-large wp-post-image\" alt=\"\" style=\"\" srcset=\"https:\/\/tigredigital.com.ar\/noticias\/wp-content\/uploads\/2026\/04\/unnamed-3-1-1024x683.jpg 1024w, https:\/\/tigredigital.com.ar\/noticias\/wp-content\/uploads\/2026\/04\/unnamed-3-1-300x200.jpg 300w, https:\/\/tigredigital.com.ar\/noticias\/wp-content\/uploads\/2026\/04\/unnamed-3-1-768x512.jpg 768w, https:\/\/tigredigital.com.ar\/noticias\/wp-content\/uploads\/2026\/04\/unnamed-3-1-1536x1024.jpg 1536w, https:\/\/tigredigital.com.ar\/noticias\/wp-content\/uploads\/2026\/04\/unnamed-3-1.jpg 1620w\" sizes=\"auto, 100vw\" \/><\/div><a class=\"wp-block-latest-posts__post-title\" href=\"https:\/\/tigredigital.com.ar\/noticias\/apertura-distrital-2026-scouts-tigre-pacheco\/\">En General Pacheco, grupos scouts de Tigre formalizaron la apertura para sus actividades de este a\u00f1o<\/a><div class=\"wp-block-latest-posts__post-author\">por Daniel Lowy<\/div><\/li>\n<li><div class=\"wp-block-latest-posts__featured-image aligncenter\"><img loading=\"lazy\" decoding=\"async\" width=\"525\" height=\"315\" src=\"https:\/\/tigredigital.com.ar\/noticias\/wp-content\/uploads\/2026\/04\/EMPRENDEDORAS-RODANTES-1024x614.jpg\" class=\"attachment-large size-large wp-post-image\" alt=\"Emprendedoras Rodantes es un programa impulsado por el Municipio de Tigre que busca fortalecer la autonom\u00eda econ\u00f3mica de las mujeres del distrito a trav\u00e9s de la formaci\u00f3n en oficios y microemprendimientos\" style=\"\" srcset=\"https:\/\/tigredigital.com.ar\/noticias\/wp-content\/uploads\/2026\/04\/EMPRENDEDORAS-RODANTES-1024x614.jpg 1024w, https:\/\/tigredigital.com.ar\/noticias\/wp-content\/uploads\/2026\/04\/EMPRENDEDORAS-RODANTES-300x180.jpg 300w, https:\/\/tigredigital.com.ar\/noticias\/wp-content\/uploads\/2026\/04\/EMPRENDEDORAS-RODANTES-768x461.jpg 768w, https:\/\/tigredigital.com.ar\/noticias\/wp-content\/uploads\/2026\/04\/EMPRENDEDORAS-RODANTES.jpg 1200w\" sizes=\"auto, 100vw\" \/><\/div><a class=\"wp-block-latest-posts__post-title\" href=\"https:\/\/tigredigital.com.ar\/noticias\/municipio-tigre-inicia-programa-emprendedoras-rodantes\/\">Comenz\u00f3 en Tigre el programa municipal de capacitaci\u00f3n \u00abEmprendedoras Rodantes\u00bb<\/a><div class=\"wp-block-latest-posts__post-author\">por Daniel Lowy<\/div><\/li>\n<\/ul>","protected":false},"excerpt":{"rendered":"<p>La reuni\u00f3n cont\u00f3 con la participaci\u00f3n de decenas de mujeres representantes de iglesias, comedores, merenderos, bomberas, grupos de scouts, artistas y docentes, entre otras. All\u00ed, pudieron disfrutar de una merienda y shows de artistas locales<\/p>\n","protected":false},"author":2,"featured_media":15423,"comment_status":"open","ping_status":"open","sticky":false,"template":"","format":"standard","meta":{"jetpack_post_was_ever_published":false,"_jetpack_newsletter_access":"","_jetpack_dont_email_post_to_subs":false,"_jetpack_newsletter_tier_id":0,"_jetpack_memberships_contains_paywalled_content":false,"_jetpack_memberships_contains_paid_content":false,"footnotes":"","jetpack_publicize_message":"","jetpack_publicize_feature_enabled":true,"jetpack_social_post_already_shared":true,"jetpack_social_options":{"image_generator_settings":{"template":"highway","enabled":false},"version":2}},"categories":[23],"tags":[],"class_list":["post-15421","post","type-post","status-publish","format-standard","has-post-thumbnail","hentry","category-genero"],"jetpack_publicize_connections":[],"jetpack_featured_media_url":"https:\/\/tigredigital.com.ar\/noticias\/wp-content\/uploads\/2022\/09\/unnamed-15-1.jpg","jetpack_sharing_enabled":true,"jetpack_likes_enabled":true,"jetpack-related-posts":[],"_links":{"self":[{"href":"https:\/\/tigredigital.com.ar\/noticias\/wp-json\/wp\/v2\/posts\/15421","targetHints":{"allow":["GET"]}}],"collection":[{"href":"https:\/\/tigredigital.com.ar\/noticias\/wp-json\/wp\/v2\/posts"}],"about":[{"href":"https:\/\/tigredigital.com.ar\/noticias\/wp-json\/wp\/v2\/types\/post"}],"author":[{"embeddable":true,"href":"https:\/\/tigredigital.com.ar\/noticias\/wp-json\/wp\/v2\/users\/2"}],"replies":[{"embeddable":true,"href":"https:\/\/tigredigital.com.ar\/noticias\/wp-json\/wp\/v2\/comments?post=15421"}],"version-history":[{"count":1,"href":"https:\/\/tigredigital.com.ar\/noticias\/wp-json\/wp\/v2\/posts\/15421\/revisions"}],"predecessor-version":[{"id":15424,"href":"https:\/\/tigredigital.com.ar\/noticias\/wp-json\/wp\/v2\/posts\/15421\/revisions\/15424"}],"wp:featuredmedia":[{"embeddable":true,"href":"https:\/\/tigredigital.com.ar\/noticias\/wp-json\/wp\/v2\/media\/15423"}],"wp:attachment":[{"href":"https:\/\/tigredigital.com.ar\/noticias\/wp-json\/wp\/v2\/media?parent=15421"}],"wp:term":[{"taxonomy":"category","embeddable":true,"href":"https:\/\/tigredigital.com.ar\/noticias\/wp-json\/wp\/v2\/categories?post=15421"},{"taxonomy":"post_tag","embeddable":true,"href":"https:\/\/tigredigital.com.ar\/noticias\/wp-json\/wp\/v2\/tags?post=15421"}],"curies":[{"name":"wp","href":"https:\/\/api.w.org\/{rel}","templated":true}]}}